{"id":5576,"date":"2021-12-21T11:45:48","date_gmt":"2021-12-21T10:45:48","guid":{"rendered":"https:\/\/agora.xtec.cat\/escolapacocandel\/?p=5576"},"modified":"2024-01-31T18:19:45","modified_gmt":"2024-01-31T17:19:45","slug":"ens-visita-el-patge-reial","status":"publish","type":"post","link":"https:\/\/agora.xtec.cat\/escolapacocandel\/comunitat-de-mitjans\/ens-visita-el-patge-reial\/","title":{"rendered":"Ens visita el patge reial"},"content":{"rendered":"<p style=\"text-align: justify;\">Hola fam\u00edlies!<\/p>\n<p style=\"text-align: justify;\">Avui 21 de desembre hem rebut la visita del Patge Reial a la nostra escola. Amb molta il\u00b7lusi\u00f3 hem preparat les nostres cartes i ens hem dirigit cap al vest\u00edbul de l&#8217;escola. Quan hem arribat hem vist al Patge que ja ens esperava! Hem pogut depositar les nostres cartes en tres b\u00fasties diferents: una dirigida a Melcior, l&#8217;altra a Gaspar i l&#8217;\u00faltima al Baltasar. Despr\u00e9s ens ha preguntat qu\u00e8 hav\u00edem demanat, ens hem fet algunes fotos divertides i ens hem acomiadat fins l&#8217;any vinent!<\/p>\n<p>Ha estat molt emocionant!!<\/p>\n<blockquote class=\"wp-embedded-content\" data-secret=\"vztfJbXSiv\"><p><a href=\"https:\/\/agora.xtec.cat\/escolapacocandel\/fotos-privat\/patge-reial-infantil\/\">Protegit: Fotos Patge Reial Infantil<\/a><\/p><\/blockquote>\n<p><iframe loading=\"lazy\" class=\"wp-embedded-content\" sandbox=\"allow-scripts\" security=\"restricted\" style=\"position: absolute; clip: rect(1px, 1px, 1px, 1px);\" title=\"&#8220;Protegit: Fotos Patge Reial Infantil&#8221; &#8212; Escola Paco Candel\" src=\"https:\/\/agora.xtec.cat\/escolapacocandel\/fotos-privat\/patge-reial-infantil\/embed\/#?secret=tT16HHHwpy#?secret=vztfJbXSiv\" data-secret=\"vztfJbXSiv\" width=\"500\" height=\"282\" frameborder=\"0\" marginwidth=\"0\" marginheight=\"0\" scrolling=\"no\"><\/iframe><\/p>\n<blockquote class=\"wp-embedded-content\" data-secret=\"5CAZMGb4uc\"><p><a href=\"https:\/\/agora.xtec.cat\/escolapacocandel\/fotos-privat\/patge-reial-cicle-inicial\/\">Protegit: Fotos Patge reial Cicle Inicial<\/a><\/p><\/blockquote>\n<p><iframe loading=\"lazy\" class=\"wp-embedded-content\" sandbox=\"allow-scripts\" security=\"restricted\" style=\"position: absolute; clip: rect(1px, 1px, 1px, 1px);\" title=\"&#8220;Protegit: Fotos Patge reial Cicle Inicial&#8221; &#8212; Escola Paco Candel\" src=\"https:\/\/agora.xtec.cat\/escolapacocandel\/fotos-privat\/patge-reial-cicle-inicial\/embed\/#?secret=88u2yYhujb#?secret=5CAZMGb4uc\" data-secret=\"5CAZMGb4uc\" width=\"500\" height=\"282\" frameborder=\"0\" marginwidth=\"0\" marginheight=\"0\" scrolling=\"no\"><\/iframe><\/p>\n<blockquote class=\"wp-embedded-content\" data-secret=\"2FY9QaXEw2\"><p><a href=\"https:\/\/agora.xtec.cat\/escolapacocandel\/fotos-privat\/fotos-patge-reial\/\">Protegit: Fotos patge reial cicle mitj\u00e0<\/a><\/p><\/blockquote>\n<p><iframe loading=\"lazy\" class=\"wp-embedded-content\" sandbox=\"allow-scripts\" security=\"restricted\" style=\"position: absolute; clip: rect(1px, 1px, 1px, 1px);\" title=\"&#8220;Protegit: Fotos patge reial cicle mitj\u00e0&#8221; &#8212; Escola Paco Candel\" src=\"https:\/\/agora.xtec.cat\/escolapacocandel\/fotos-privat\/fotos-patge-reial\/embed\/#?secret=XdUOrhpIfR#?secret=2FY9QaXEw2\" data-secret=\"2FY9QaXEw2\" width=\"500\" height=\"282\" frameborder=\"0\" marginwidth=\"0\" marginheight=\"0\" scrolling=\"no\"><\/iframe><\/p>\n","protected":false},"excerpt":{"rendered":"<p>Hola fam\u00edlies!<br \/>\nAvui 21 de desembre hem rebut la visita del Patge Reial a la nostra escola. Amb molta il\u00b7lusi\u00f3 hem preparat les nostres cartes i ens hem dirigit cap al vest\u00edbul de l&#8217;escola. Quan hem arribat hem vist al Patge que ja ens esperava! Hem&hellip;  <a href=\"https:\/\/agora.xtec.cat\/escolapacocandel\/comunitat-de-mitjans\/ens-visita-el-patge-reial\/\" title=\"Read Ens visita el patge reial\">Llegeix m\u00e9s\u00bb<\/a><\/p>\n","protected":false},"author":1,"featured_media":5577,"comment_status":"open","ping_status":"closed","sticky":false,"template":"","format":"standard","meta":{"_bbp_topic_count":0,"_bbp_reply_count":0,"_bbp_total_topic_count":0,"_bbp_total_reply_count":0,"_bbp_voice_count":0,"_bbp_anonymous_reply_count":0,"_bbp_topic_count_hidden":0,"_bbp_reply_count_hidden":0,"_bbp_forum_subforum_count":0,"footnotes":""},"categories":[127],"tags":[],"class_list":["post-5576","post","type-post","status-publish","format-standard","has-post-thumbnail","hentry","category-comunitat-de-mitjans"],"post_mailing_queue_ids":[],"_links":{"self":[{"href":"https:\/\/agora.xtec.cat\/escolapacocandel\/wp-json\/wp\/v2\/posts\/5576","targetHints":{"allow":["GET"]}}],"collection":[{"href":"https:\/\/agora.xtec.cat\/escolapacocandel\/wp-json\/wp\/v2\/posts"}],"about":[{"href":"https:\/\/agora.xtec.cat\/escolapacocandel\/wp-json\/wp\/v2\/types\/post"}],"author":[{"embeddable":true,"href":"https:\/\/agora.xtec.cat\/escolapacocandel\/wp-json\/wp\/v2\/users\/1"}],"replies":[{"embeddable":true,"href":"https:\/\/agora.xtec.cat\/escolapacocandel\/wp-json\/wp\/v2\/comments?post=5576"}],"version-history":[{"count":3,"href":"https:\/\/agora.xtec.cat\/escolapacocandel\/wp-json\/wp\/v2\/posts\/5576\/revisions"}],"predecessor-version":[{"id":5603,"href":"https:\/\/agora.xtec.cat\/escolapacocandel\/wp-json\/wp\/v2\/posts\/5576\/revisions\/5603"}],"wp:featuredmedia":[{"embeddable":true,"href":"https:\/\/agora.xtec.cat\/escolapacocandel\/wp-json\/wp\/v2\/media\/5577"}],"wp:attachment":[{"href":"https:\/\/agora.xtec.cat\/escolapacocandel\/wp-json\/wp\/v2\/media?parent=5576"}],"wp:term":[{"taxonomy":"category","embeddable":true,"href":"https:\/\/agora.xtec.cat\/escolapacocandel\/wp-json\/wp\/v2\/categories?post=5576"},{"taxonomy":"post_tag","embeddable":true,"href":"https:\/\/agora.xtec.cat\/escolapacocandel\/wp-json\/wp\/v2\/tags?post=5576"}],"curies":[{"name":"wp","href":"https:\/\/api.w.org\/{rel}","templated":true}]}}