{"id":5567,"date":"2021-12-21T09:41:43","date_gmt":"2021-12-21T08:41:43","guid":{"rendered":"https:\/\/agora.xtec.cat\/escolapacocandel\/?p=5567"},"modified":"2024-01-31T18:43:43","modified_gmt":"2024-01-31T17:43:43","slug":"sortida-al-cosmocaixa-univers","status":"publish","type":"post","link":"https:\/\/agora.xtec.cat\/escolapacocandel\/comunitat-de-grans\/sortida-al-cosmocaixa-univers\/","title":{"rendered":"SORTIDA AL COSMOCAIXA-UNIVERS"},"content":{"rendered":"<p style=\"text-align: justify;\">Durant aquest trimestre hem pogut anar de sortida de projecte al Cosmocaixa i gaudir de l\u2019exposici\u00f3 temporal de l\u2019Univers, un recorregut interactiu que es remunta a la creaci\u00f3 del cosmos, recorre l\u2019evoluci\u00f3 de les esp\u00e8cies i penetra en les profunditats del cervell hum\u00e0. Tamb\u00e9, hem tingut l&#8217;oportunitat de realitzar una activitat vivencial dins del planetari Bombolla, un espai on les vostres filles i fills han pogut gaudir del seu primer contacte amb el m\u00f3n de l&#8217;astronomia, que ha contribu\u00eft en despertar la curiositat per l&#8217;univers.<\/p>\n<p>&nbsp;<\/p>\n<blockquote class=\"wp-embedded-content\" data-secret=\"6d76j6XM84\"><p><a href=\"https:\/\/agora.xtec.cat\/escolapacocandel\/fotos-privat\/fotos-sortida-cosmocaixa-4t\/\">Protegit: Fotos sortida Cosmocaixa 4t<\/a><\/p><\/blockquote>\n<p><iframe loading=\"lazy\" class=\"wp-embedded-content\" sandbox=\"allow-scripts\" security=\"restricted\" style=\"position: absolute; clip: rect(1px, 1px, 1px, 1px);\" title=\"&#8220;Protegit: Fotos sortida Cosmocaixa 4t&#8221; &#8212; Escola Paco Candel\" src=\"https:\/\/agora.xtec.cat\/escolapacocandel\/fotos-privat\/fotos-sortida-cosmocaixa-4t\/embed\/#?secret=xXCDj4YwWe#?secret=6d76j6XM84\" data-secret=\"6d76j6XM84\" width=\"500\" height=\"282\" frameborder=\"0\" marginwidth=\"0\" marginheight=\"0\" scrolling=\"no\"><\/iframe><\/p>\n","protected":false},"excerpt":{"rendered":"<p>Durant aquest trimestre hem pogut anar de sortida de projecte al Cosmocaixa i gaudir de l\u2019exposici\u00f3 temporal de l\u2019Univers, un recorregut interactiu que es remunta a la creaci\u00f3 del cosmos, recorre l\u2019evoluci\u00f3 de les esp\u00e8cies i penetra en les profunditats del cervell hum\u00e0. Tamb\u00e9, hem&hellip;  <a href=\"https:\/\/agora.xtec.cat\/escolapacocandel\/comunitat-de-grans\/sortida-al-cosmocaixa-univers\/\" title=\"Read SORTIDA AL COSMOCAIXA-UNIVERS\">Llegeix m\u00e9s\u00bb<\/a><\/p>\n","protected":false},"author":1,"featured_media":5568,"comment_status":"open","ping_status":"closed","sticky":false,"template":"","format":"standard","meta":{"_bbp_topic_count":0,"_bbp_reply_count":0,"_bbp_total_topic_count":0,"_bbp_total_reply_count":0,"_bbp_voice_count":0,"_bbp_anonymous_reply_count":0,"_bbp_topic_count_hidden":0,"_bbp_reply_count_hidden":0,"_bbp_forum_subforum_count":0,"footnotes":""},"categories":[129,143],"tags":[],"class_list":["post-5567","post","type-post","status-publish","format-standard","has-post-thumbnail","hentry","category-comunitat-de-grans","category-4t"],"post_mailing_queue_ids":[],"_links":{"self":[{"href":"https:\/\/agora.xtec.cat\/escolapacocandel\/wp-json\/wp\/v2\/posts\/5567","targetHints":{"allow":["GET"]}}],"collection":[{"href":"https:\/\/agora.xtec.cat\/escolapacocandel\/wp-json\/wp\/v2\/posts"}],"about":[{"href":"https:\/\/agora.xtec.cat\/escolapacocandel\/wp-json\/wp\/v2\/types\/post"}],"author":[{"embeddable":true,"href":"https:\/\/agora.xtec.cat\/escolapacocandel\/wp-json\/wp\/v2\/users\/1"}],"replies":[{"embeddable":true,"href":"https:\/\/agora.xtec.cat\/escolapacocandel\/wp-json\/wp\/v2\/comments?post=5567"}],"version-history":[{"count":2,"href":"https:\/\/agora.xtec.cat\/escolapacocandel\/wp-json\/wp\/v2\/posts\/5567\/revisions"}],"predecessor-version":[{"id":5575,"href":"https:\/\/agora.xtec.cat\/escolapacocandel\/wp-json\/wp\/v2\/posts\/5567\/revisions\/5575"}],"wp:featuredmedia":[{"embeddable":true,"href":"https:\/\/agora.xtec.cat\/escolapacocandel\/wp-json\/wp\/v2\/media\/5568"}],"wp:attachment":[{"href":"https:\/\/agora.xtec.cat\/escolapacocandel\/wp-json\/wp\/v2\/media?parent=5567"}],"wp:term":[{"taxonomy":"category","embeddable":true,"href":"https:\/\/agora.xtec.cat\/escolapacocandel\/wp-json\/wp\/v2\/categories?post=5567"},{"taxonomy":"post_tag","embeddable":true,"href":"https:\/\/agora.xtec.cat\/escolapacocandel\/wp-json\/wp\/v2\/tags?post=5567"}],"curies":[{"name":"wp","href":"https:\/\/api.w.org\/{rel}","templated":true}]}}