{"id":5563,"date":"2021-12-21T09:36:37","date_gmt":"2021-12-21T08:36:37","guid":{"rendered":"https:\/\/agora.xtec.cat\/escolapacocandel\/?p=5563"},"modified":"2024-01-31T18:43:39","modified_gmt":"2024-01-31T17:43:39","slug":"el-ball-dels-planetes","status":"publish","type":"post","link":"https:\/\/agora.xtec.cat\/escolapacocandel\/comunitat-de-grans\/el-ball-dels-planetes\/","title":{"rendered":"EL BALL DELS PLANETES"},"content":{"rendered":"<p>Per acabar el nostre projecte del nom de la classe &#8220;L&#8217;univers i La Terra&#8221;, hem sortit al pati i hem muntat el sistema solar. Cadasc\u00fa realitzava el paper d&#8217;algun element del sistema que pr\u00e8viament hav\u00edem investigat a fons en les sessions de projecte. Al principi ens va costar una mica posar-nos d&#8217;acord i repartir-nos les tasques per\u00f2 tot va ser comen\u00e7ar a fer l&#8217;activitat i que el nostre sistema solar an\u00e9s prenent forma.<\/p>\n<blockquote class=\"wp-embedded-content\" data-secret=\"KaQHLZ6JEz\"><p><a href=\"https:\/\/agora.xtec.cat\/escolapacocandel\/fotos-privat\/fotos-ball-dels-planetes\/\">Protegit: Fotos ball dels planetes<\/a><\/p><\/blockquote>\n<p><iframe loading=\"lazy\" class=\"wp-embedded-content\" sandbox=\"allow-scripts\" security=\"restricted\" style=\"position: absolute; clip: rect(1px, 1px, 1px, 1px);\" title=\"&#8220;Protegit: Fotos ball dels planetes&#8221; &#8212; Escola Paco Candel\" src=\"https:\/\/agora.xtec.cat\/escolapacocandel\/fotos-privat\/fotos-ball-dels-planetes\/embed\/#?secret=W3DibtF7Ex#?secret=KaQHLZ6JEz\" data-secret=\"KaQHLZ6JEz\" width=\"500\" height=\"282\" frameborder=\"0\" marginwidth=\"0\" marginheight=\"0\" scrolling=\"no\"><\/iframe><\/p>\n","protected":false},"excerpt":{"rendered":"<p>Per acabar el nostre projecte del nom de la classe &#8220;L&#8217;univers i La Terra&#8221;, hem sortit al pati i hem muntat el sistema solar. Cadasc\u00fa realitzava el paper d&#8217;algun element del sistema que pr\u00e8viament hav\u00edem investigat a fons en les sessions de projecte. Al principi&hellip;  <a href=\"https:\/\/agora.xtec.cat\/escolapacocandel\/comunitat-de-grans\/el-ball-dels-planetes\/\" title=\"Read EL BALL DELS PLANETES\">Llegeix m\u00e9s\u00bb<\/a><\/p>\n","protected":false},"author":1,"featured_media":5565,"comment_status":"open","ping_status":"closed","sticky":false,"template":"","format":"standard","meta":{"_bbp_topic_count":0,"_bbp_reply_count":0,"_bbp_total_topic_count":0,"_bbp_total_reply_count":0,"_bbp_voice_count":0,"_bbp_anonymous_reply_count":0,"_bbp_topic_count_hidden":0,"_bbp_reply_count_hidden":0,"_bbp_forum_subforum_count":0,"footnotes":""},"categories":[129,143],"tags":[99],"class_list":["post-5563","post","type-post","status-publish","format-standard","has-post-thumbnail","hentry","category-comunitat-de-grans","category-4t","tag-projecte"],"post_mailing_queue_ids":[],"_links":{"self":[{"href":"https:\/\/agora.xtec.cat\/escolapacocandel\/wp-json\/wp\/v2\/posts\/5563","targetHints":{"allow":["GET"]}}],"collection":[{"href":"https:\/\/agora.xtec.cat\/escolapacocandel\/wp-json\/wp\/v2\/posts"}],"about":[{"href":"https:\/\/agora.xtec.cat\/escolapacocandel\/wp-json\/wp\/v2\/types\/post"}],"author":[{"embeddable":true,"href":"https:\/\/agora.xtec.cat\/escolapacocandel\/wp-json\/wp\/v2\/users\/1"}],"replies":[{"embeddable":true,"href":"https:\/\/agora.xtec.cat\/escolapacocandel\/wp-json\/wp\/v2\/comments?post=5563"}],"version-history":[{"count":2,"href":"https:\/\/agora.xtec.cat\/escolapacocandel\/wp-json\/wp\/v2\/posts\/5563\/revisions"}],"predecessor-version":[{"id":5572,"href":"https:\/\/agora.xtec.cat\/escolapacocandel\/wp-json\/wp\/v2\/posts\/5563\/revisions\/5572"}],"wp:featuredmedia":[{"embeddable":true,"href":"https:\/\/agora.xtec.cat\/escolapacocandel\/wp-json\/wp\/v2\/media\/5565"}],"wp:attachment":[{"href":"https:\/\/agora.xtec.cat\/escolapacocandel\/wp-json\/wp\/v2\/media?parent=5563"}],"wp:term":[{"taxonomy":"category","embeddable":true,"href":"https:\/\/agora.xtec.cat\/escolapacocandel\/wp-json\/wp\/v2\/categories?post=5563"},{"taxonomy":"post_tag","embeddable":true,"href":"https:\/\/agora.xtec.cat\/escolapacocandel\/wp-json\/wp\/v2\/tags?post=5563"}],"curies":[{"name":"wp","href":"https:\/\/api.w.org\/{rel}","templated":true}]}}