{"id":5561,"date":"2021-12-20T22:16:28","date_gmt":"2021-12-20T21:16:28","guid":{"rendered":"https:\/\/agora.xtec.cat\/escolapacocandel\/?p=5561"},"modified":"2024-01-31T18:43:52","modified_gmt":"2024-01-31T17:43:52","slug":"dibuixem-al-pati-la-linia-del-temps-de-la-prehistoria","status":"publish","type":"post","link":"https:\/\/agora.xtec.cat\/escolapacocandel\/general\/dibuixem-al-pati-la-linia-del-temps-de-la-prehistoria\/","title":{"rendered":"Dibuixem al pati la l\u00ednia del temps de la Prehist\u00f2ria"},"content":{"rendered":"<p>Despr\u00e9s de moltes sessions desenvolupant el projecte del nom de la classe, la Prehist\u00f2ria, ja hi hem posat el punt i final. I la millor manera per fer-ho ha estat fent un \u00faltim treball en grup i con\u00e8ixer qu\u00e8 era el que hav\u00edem apr\u00e9s.<\/p>\n<p>Hem dibuixat a la pista del pati de l&#8217;escola l\u00ednies del temps i en elles hi hem dibuixat i escrit tot all\u00f2 que hem anat descobrint d&#8217;aquesta etapa tan interessant de la nostra hist\u00f2ria m\u00e9s llunyana.<\/p>\n<p>El treball en equip ha estat imprescindible per a poder-ho elaborar. Hem organitzat les dades i despr\u00e9s hem calculat quants metres hauria de fer la nostra l\u00ednia del temps per a que hi pogu\u00e9s cabre tota la prehist\u00f2ria. Fent una regla de 3, hem vist que el nostre pati no era prou llarg com per a poder-la dibuixar, per\u00f2 hem solucionat aquest petit entrebanc amb molta imaginaci\u00f3! Amb cintes m\u00e8triques que ens ajudaven a dibuixar i mesurat cada etapa, hem anat afegint milers i milers d&#8217;anys de les 3 etapes que hem estudiat. Un cop feta la l\u00ednia, hem anat afegint etiquetes amb la informaci\u00f3 m\u00e9s rellevant.<\/p>\n<p>Els vostres fills i filles han gaudit molt d&#8217;aquesta experi\u00e8ncia.<\/p>\n<blockquote class=\"wp-embedded-content\" data-secret=\"Qeg4Dr8ZSl\"><p><a href=\"https:\/\/agora.xtec.cat\/escolapacocandel\/fotos-privat\/fotos-linia-del-temps-prehistoria\/\">Protegit: Fotos l\u00ednia del temps Prehist\u00f2ria<\/a><\/p><\/blockquote>\n<p><iframe loading=\"lazy\" class=\"wp-embedded-content\" sandbox=\"allow-scripts\" security=\"restricted\" style=\"position: absolute; clip: rect(1px, 1px, 1px, 1px);\" title=\"&#8220;Protegit: Fotos l\u00ednia del temps Prehist\u00f2ria&#8221; &#8212; Escola Paco Candel\" src=\"https:\/\/agora.xtec.cat\/escolapacocandel\/fotos-privat\/fotos-linia-del-temps-prehistoria\/embed\/#?secret=DFLZsNl2hB#?secret=Qeg4Dr8ZSl\" data-secret=\"Qeg4Dr8ZSl\" width=\"500\" height=\"282\" frameborder=\"0\" marginwidth=\"0\" marginheight=\"0\" scrolling=\"no\"><\/iframe><\/p>\n","protected":false},"excerpt":{"rendered":"<p>Despr\u00e9s de moltes sessions desenvolupant el projecte del nom de la classe, la Prehist\u00f2ria, ja hi hem posat el punt i final. I la millor manera per fer-ho ha estat fent un \u00faltim treball en grup i con\u00e8ixer qu\u00e8 era el que hav\u00edem apr\u00e9s.<br \/>\nHem dibuixat&hellip;  <a href=\"https:\/\/agora.xtec.cat\/escolapacocandel\/general\/dibuixem-al-pati-la-linia-del-temps-de-la-prehistoria\/\" title=\"Read Dibuixem al pati la l\u00ednia del temps de la Prehist\u00f2ria\">Llegeix m\u00e9s\u00bb<\/a><\/p>\n","protected":false},"author":1,"featured_media":5594,"comment_status":"open","ping_status":"closed","sticky":false,"template":"","format":"standard","meta":{"_bbp_topic_count":0,"_bbp_reply_count":0,"_bbp_total_topic_count":0,"_bbp_total_reply_count":0,"_bbp_voice_count":0,"_bbp_anonymous_reply_count":0,"_bbp_topic_count_hidden":0,"_bbp_reply_count_hidden":0,"_bbp_forum_subforum_count":0,"footnotes":""},"categories":[129,1,143],"tags":[99],"class_list":["post-5561","post","type-post","status-publish","format-standard","has-post-thumbnail","hentry","category-comunitat-de-grans","category-general","category-4t","tag-projecte"],"post_mailing_queue_ids":[],"_links":{"self":[{"href":"https:\/\/agora.xtec.cat\/escolapacocandel\/wp-json\/wp\/v2\/posts\/5561","targetHints":{"allow":["GET"]}}],"collection":[{"href":"https:\/\/agora.xtec.cat\/escolapacocandel\/wp-json\/wp\/v2\/posts"}],"about":[{"href":"https:\/\/agora.xtec.cat\/escolapacocandel\/wp-json\/wp\/v2\/types\/post"}],"author":[{"embeddable":true,"href":"https:\/\/agora.xtec.cat\/escolapacocandel\/wp-json\/wp\/v2\/users\/1"}],"replies":[{"embeddable":true,"href":"https:\/\/agora.xtec.cat\/escolapacocandel\/wp-json\/wp\/v2\/comments?post=5561"}],"version-history":[{"count":2,"href":"https:\/\/agora.xtec.cat\/escolapacocandel\/wp-json\/wp\/v2\/posts\/5561\/revisions"}],"predecessor-version":[{"id":5593,"href":"https:\/\/agora.xtec.cat\/escolapacocandel\/wp-json\/wp\/v2\/posts\/5561\/revisions\/5593"}],"wp:featuredmedia":[{"embeddable":true,"href":"https:\/\/agora.xtec.cat\/escolapacocandel\/wp-json\/wp\/v2\/media\/5594"}],"wp:attachment":[{"href":"https:\/\/agora.xtec.cat\/escolapacocandel\/wp-json\/wp\/v2\/media?parent=5561"}],"wp:term":[{"taxonomy":"category","embeddable":true,"href":"https:\/\/agora.xtec.cat\/escolapacocandel\/wp-json\/wp\/v2\/categories?post=5561"},{"taxonomy":"post_tag","embeddable":true,"href":"https:\/\/agora.xtec.cat\/escolapacocandel\/wp-json\/wp\/v2\/tags?post=5561"}],"curies":[{"name":"wp","href":"https:\/\/api.w.org\/{rel}","templated":true}]}}