{"id":5549,"date":"2021-12-20T17:05:00","date_gmt":"2021-12-20T16:05:00","guid":{"rendered":"https:\/\/agora.xtec.cat\/escolapacocandel\/?p=5549"},"modified":"2024-01-31T18:20:36","modified_gmt":"2024-01-31T17:20:36","slug":"fem-larc-de-sant-marti","status":"publish","type":"post","link":"https:\/\/agora.xtec.cat\/escolapacocandel\/comunitat-de-mitjans\/fem-larc-de-sant-marti\/","title":{"rendered":"FEM L&#8217;ARC DE SANT MART\u00cd!"},"content":{"rendered":"<p>Als cient\u00edfics i les cient\u00edfiques de primer ens encanta l&#8217;arc de Sant Mart\u00ed i els seus colors per\u00f2&#8230; La\u00a0<span class=\"hiddenSpellError\">teacher<\/span>\u00a0M\u00f2nica ens ha ensenyat que a la natura, nom\u00e9s podem trobar els 3 colors primaris. Llavors<span class=\"hiddenGrammarError\">&#8230;.<\/span>\u00a0d&#8217;on surten els altres??<\/p>\n<p><a href=\"https:\/\/agora.xtec.cat\/escolapacocandel\/wp-content\/uploads\/usu332\/2021\/12\/IMG_20211115_111256-scaled.jpg\"><img loading=\"lazy\" decoding=\"async\" class=\"wp-image-5550 aligncenter\" src=\"https:\/\/agora.xtec.cat\/escolapacocandel\/wp-content\/uploads\/usu332\/2021\/12\/IMG_20211115_111256-1024x768.jpg\" alt=\"\" width=\"330\" height=\"247\" srcset=\"https:\/\/agora.xtec.cat\/escolapacocandel\/wp-content\/uploads\/usu332\/2021\/12\/IMG_20211115_111256-1024x768.jpg 1024w, https:\/\/agora.xtec.cat\/escolapacocandel\/wp-content\/uploads\/usu332\/2021\/12\/IMG_20211115_111256-300x225.jpg 300w, https:\/\/agora.xtec.cat\/escolapacocandel\/wp-content\/uploads\/usu332\/2021\/12\/IMG_20211115_111256-768x576.jpg 768w, https:\/\/agora.xtec.cat\/escolapacocandel\/wp-content\/uploads\/usu332\/2021\/12\/IMG_20211115_111256-1536x1152.jpg 1536w, https:\/\/agora.xtec.cat\/escolapacocandel\/wp-content\/uploads\/usu332\/2021\/12\/IMG_20211115_111256-2048x1536.jpg 2048w, https:\/\/agora.xtec.cat\/escolapacocandel\/wp-content\/uploads\/usu332\/2021\/12\/IMG_20211115_111256-200x150.jpg 200w\" sizes=\"auto, (max-width: 330px) 100vw, 330px\" \/><\/a><\/p>\n<p>Per sort, tenim a la classe\u00a0<span class=\"hiddenSpellError\">moooolt<\/span>\u00a0de material per intentar crear els nostres propis colors i poder trobar els que falten en els nostres arcs de Sant Mart\u00ed!<\/p>\n<p>Hem agafat les nostres pipetes,\u00a0<span class=\"hiddenSpellError\">gradilles<\/span>\u00a0i provetes i ens hem posat a treballar!<\/p>\n<p><a href=\"https:\/\/agora.xtec.cat\/escolapacocandel\/wp-content\/uploads\/usu332\/2021\/12\/IMG_20211115_102341-scaled.jpg\"><img loading=\"lazy\" decoding=\"async\" class=\"wp-image-5552 aligncenter\" src=\"https:\/\/agora.xtec.cat\/escolapacocandel\/wp-content\/uploads\/usu332\/2021\/12\/IMG_20211115_102341-1024x768.jpg\" alt=\"\" width=\"368\" height=\"276\" srcset=\"https:\/\/agora.xtec.cat\/escolapacocandel\/wp-content\/uploads\/usu332\/2021\/12\/IMG_20211115_102341-1024x768.jpg 1024w, https:\/\/agora.xtec.cat\/escolapacocandel\/wp-content\/uploads\/usu332\/2021\/12\/IMG_20211115_102341-300x225.jpg 300w, https:\/\/agora.xtec.cat\/escolapacocandel\/wp-content\/uploads\/usu332\/2021\/12\/IMG_20211115_102341-768x576.jpg 768w, https:\/\/agora.xtec.cat\/escolapacocandel\/wp-content\/uploads\/usu332\/2021\/12\/IMG_20211115_102341-1536x1152.jpg 1536w, https:\/\/agora.xtec.cat\/escolapacocandel\/wp-content\/uploads\/usu332\/2021\/12\/IMG_20211115_102341-2048x1536.jpg 2048w, https:\/\/agora.xtec.cat\/escolapacocandel\/wp-content\/uploads\/usu332\/2021\/12\/IMG_20211115_102341-200x150.jpg 200w\" sizes=\"auto, (max-width: 368px) 100vw, 368px\" \/><\/a><\/p>\n<p>&nbsp;<\/p>\n<p>&nbsp;<\/p>\n<p>Primer, els colors primaris.\u00a0 <a href=\"https:\/\/agora.xtec.cat\/escolapacocandel\/wp-content\/uploads\/usu332\/2021\/12\/IMG_20211115_100447-scaled.jpg\"><img loading=\"lazy\" decoding=\"async\" class=\"wp-image-5554 aligncenter\" src=\"https:\/\/agora.xtec.cat\/escolapacocandel\/wp-content\/uploads\/usu332\/2021\/12\/IMG_20211115_100447-1024x768.jpg\" alt=\"\" width=\"382\" height=\"287\" srcset=\"https:\/\/agora.xtec.cat\/escolapacocandel\/wp-content\/uploads\/usu332\/2021\/12\/IMG_20211115_100447-1024x768.jpg 1024w, https:\/\/agora.xtec.cat\/escolapacocandel\/wp-content\/uploads\/usu332\/2021\/12\/IMG_20211115_100447-300x225.jpg 300w, https:\/\/agora.xtec.cat\/escolapacocandel\/wp-content\/uploads\/usu332\/2021\/12\/IMG_20211115_100447-768x576.jpg 768w, https:\/\/agora.xtec.cat\/escolapacocandel\/wp-content\/uploads\/usu332\/2021\/12\/IMG_20211115_100447-1536x1152.jpg 1536w, https:\/\/agora.xtec.cat\/escolapacocandel\/wp-content\/uploads\/usu332\/2021\/12\/IMG_20211115_100447-2048x1536.jpg 2048w, https:\/\/agora.xtec.cat\/escolapacocandel\/wp-content\/uploads\/usu332\/2021\/12\/IMG_20211115_100447-200x150.jpg 200w\" sizes=\"auto, (max-width: 382px) 100vw, 382px\" \/><\/a><\/p>\n<p>I tot seguit hem comen\u00e7at a esbrinar com fer els altres!<\/p>\n<p><a href=\"https:\/\/agora.xtec.cat\/escolapacocandel\/wp-content\/uploads\/usu332\/2021\/12\/IMG_20211115_101010-scaled.jpg\"><img loading=\"lazy\" decoding=\"async\" class=\"wp-image-5553 aligncenter\" src=\"https:\/\/agora.xtec.cat\/escolapacocandel\/wp-content\/uploads\/usu332\/2021\/12\/IMG_20211115_101010-1024x768.jpg\" alt=\"\" width=\"370\" height=\"277\" srcset=\"https:\/\/agora.xtec.cat\/escolapacocandel\/wp-content\/uploads\/usu332\/2021\/12\/IMG_20211115_101010-1024x768.jpg 1024w, https:\/\/agora.xtec.cat\/escolapacocandel\/wp-content\/uploads\/usu332\/2021\/12\/IMG_20211115_101010-300x225.jpg 300w, https:\/\/agora.xtec.cat\/escolapacocandel\/wp-content\/uploads\/usu332\/2021\/12\/IMG_20211115_101010-768x576.jpg 768w, https:\/\/agora.xtec.cat\/escolapacocandel\/wp-content\/uploads\/usu332\/2021\/12\/IMG_20211115_101010-1536x1152.jpg 1536w, https:\/\/agora.xtec.cat\/escolapacocandel\/wp-content\/uploads\/usu332\/2021\/12\/IMG_20211115_101010-2048x1536.jpg 2048w, https:\/\/agora.xtec.cat\/escolapacocandel\/wp-content\/uploads\/usu332\/2021\/12\/IMG_20211115_101010-200x150.jpg 200w\" sizes=\"auto, (max-width: 370px) 100vw, 370px\" \/><\/a><\/p>\n<p>El m\u00e9s dif\u00edcil?? El rosa!!! Per\u00f2 al final hem aconseguit\u00a0uns arcs\u00a0de Sant Mart\u00ed FANT\u00c0STICS!! \ud83d\ude42<\/p>\n<p>Podeu veure m\u00e9s fotos del nostre experiment aqu\u00ed sota! Nom\u00e8s cal que poseu la contrasenya!<\/p>\n<blockquote class=\"wp-embedded-content\" data-secret=\"wvn5qYsx9q\"><p><a href=\"https:\/\/agora.xtec.cat\/escolapacocandel\/fotos-privat\/experiment-arc-de-sant-marti\/\">Protegit: Experiment arc de Sant Mart\u00ed<\/a><\/p><\/blockquote>\n<p><iframe loading=\"lazy\" class=\"wp-embedded-content\" sandbox=\"allow-scripts\" security=\"restricted\" style=\"position: absolute; clip: rect(1px, 1px, 1px, 1px);\" title=\"&#8220;Protegit: Experiment arc de Sant Mart\u00ed&#8221; &#8212; Escola Paco Candel\" src=\"https:\/\/agora.xtec.cat\/escolapacocandel\/fotos-privat\/experiment-arc-de-sant-marti\/embed\/#?secret=cY77PLEmY8#?secret=wvn5qYsx9q\" data-secret=\"wvn5qYsx9q\" width=\"500\" height=\"282\" frameborder=\"0\" marginwidth=\"0\" marginheight=\"0\" scrolling=\"no\"><\/iframe><\/p>\n","protected":false},"excerpt":{"rendered":"<p>Als cient\u00edfics i les cient\u00edfiques de primer ens encanta l&#8217;arc de Sant Mart\u00ed i els seus colors per\u00f2&#8230; La\u00a0teacher\u00a0M\u00f2nica ens ha ensenyat que a la natura, nom\u00e9s podem trobar els 3 colors primaris. Llavors&#8230;.\u00a0d&#8217;on surten els altres??<br \/>\n<a href=\"https:\/\/agora.xtec.cat\/escolapacocandel\/wp-content\/uploads\/usu332\/2021\/12\/IMG_20211115_111256-scaled.jpg\"><\/a><br \/>\nPer sort, tenim a la classe\u00a0moooolt\u00a0de material per&hellip;  <a href=\"https:\/\/agora.xtec.cat\/escolapacocandel\/comunitat-de-mitjans\/fem-larc-de-sant-marti\/\" title=\"Read FEM L&#8217;ARC DE SANT MART\u00cd!\">Llegeix m\u00e9s\u00bb<\/a><\/p>\n","protected":false},"author":1,"featured_media":5555,"comment_status":"open","ping_status":"closed","sticky":false,"template":"","format":"standard","meta":{"_bbp_topic_count":0,"_bbp_reply_count":0,"_bbp_total_topic_count":0,"_bbp_total_reply_count":0,"_bbp_voice_count":0,"_bbp_anonymous_reply_count":0,"_bbp_topic_count_hidden":0,"_bbp_reply_count_hidden":0,"_bbp_forum_subforum_count":0,"footnotes":""},"categories":[127,140],"tags":[107,99],"class_list":["post-5549","post","type-post","status-publish","format-standard","has-post-thumbnail","hentry","category-comunitat-de-mitjans","category-1r","tag-experiments","tag-projecte"],"post_mailing_queue_ids":[],"_links":{"self":[{"href":"https:\/\/agora.xtec.cat\/escolapacocandel\/wp-json\/wp\/v2\/posts\/5549","targetHints":{"allow":["GET"]}}],"collection":[{"href":"https:\/\/agora.xtec.cat\/escolapacocandel\/wp-json\/wp\/v2\/posts"}],"about":[{"href":"https:\/\/agora.xtec.cat\/escolapacocandel\/wp-json\/wp\/v2\/types\/post"}],"author":[{"embeddable":true,"href":"https:\/\/agora.xtec.cat\/escolapacocandel\/wp-json\/wp\/v2\/users\/1"}],"replies":[{"embeddable":true,"href":"https:\/\/agora.xtec.cat\/escolapacocandel\/wp-json\/wp\/v2\/comments?post=5549"}],"version-history":[{"count":1,"href":"https:\/\/agora.xtec.cat\/escolapacocandel\/wp-json\/wp\/v2\/posts\/5549\/revisions"}],"predecessor-version":[{"id":5556,"href":"https:\/\/agora.xtec.cat\/escolapacocandel\/wp-json\/wp\/v2\/posts\/5549\/revisions\/5556"}],"wp:featuredmedia":[{"embeddable":true,"href":"https:\/\/agora.xtec.cat\/escolapacocandel\/wp-json\/wp\/v2\/media\/5555"}],"wp:attachment":[{"href":"https:\/\/agora.xtec.cat\/escolapacocandel\/wp-json\/wp\/v2\/media?parent=5549"}],"wp:term":[{"taxonomy":"category","embeddable":true,"href":"https:\/\/agora.xtec.cat\/escolapacocandel\/wp-json\/wp\/v2\/categories?post=5549"},{"taxonomy":"post_tag","embeddable":true,"href":"https:\/\/agora.xtec.cat\/escolapacocandel\/wp-json\/wp\/v2\/tags?post=5549"}],"curies":[{"name":"wp","href":"https:\/\/api.w.org\/{rel}","templated":true}]}}