{"id":5526,"date":"2021-12-20T18:19:28","date_gmt":"2021-12-20T17:19:28","guid":{"rendered":"https:\/\/agora.xtec.cat\/escolapacocandel\/?p=5526"},"modified":"2024-01-31T18:44:01","modified_gmt":"2024-01-31T17:44:01","slug":"ef-1r-trimestre-tercer","status":"publish","type":"post","link":"https:\/\/agora.xtec.cat\/escolapacocandel\/comunitat-de-mitjans\/ef-1r-trimestre-tercer\/","title":{"rendered":"EF 1r Trimestre TERCER"},"content":{"rendered":"<p>Aquest curs ja estan a cicle mitj\u00e0 i ens endinsem en nous continguts com \u00e9s orientar-se en un recorregut on hi ha disposat el material d\u2019educaci\u00f3 f\u00edsica. Han sigut capaces\/\u00e7os de crear en petit grup, els seus propis recorreguts i fer-los.<\/p>\n<p>Tamb\u00e9 hem parlat del funcionament intern del nostre cos quan fem EF; i sabem que passa amb el cor i el sistema pulmonar quan fer activitat f\u00edsica. I tamb\u00e9 quan ens relaxem.<\/p>\n<p>Enguany treballem per adquirir noves habilitats motrius com \u00e9s saltar a corda de diferents maneres, donar a corda perqu\u00e8 saltin els companys\/es, fer la roda\u2026 I acabem de consolidar les que vam adquirir a cicle inicial.<\/p>\n<p>Durant el trimestre han pogut aprendre i gaudir dels jocs i activitats a les estones d\u2019EF. I relaxar-nos al final d\u2019elles amb activitats m\u00e9s calmades, massatges o relaxaci\u00f3 respiracions i m\u00fasica.<\/p>\n<p>BoNes FeSTes!<\/p>\n<blockquote class=\"wp-embedded-content\" data-secret=\"WqShkr8svZ\"><p><a href=\"https:\/\/agora.xtec.cat\/escolapacocandel\/fotos-privat\/imatges-ef-3r\/\">Protegit: Imatges EF 3r<\/a><\/p><\/blockquote>\n<p><iframe loading=\"lazy\" class=\"wp-embedded-content\" sandbox=\"allow-scripts\" security=\"restricted\" style=\"position: absolute; clip: rect(1px, 1px, 1px, 1px);\" title=\"&#8220;Protegit: Imatges EF 3r&#8221; &#8212; Escola Paco Candel\" src=\"https:\/\/agora.xtec.cat\/escolapacocandel\/fotos-privat\/imatges-ef-3r\/embed\/#?secret=lZDd6vx1el#?secret=WqShkr8svZ\" data-secret=\"WqShkr8svZ\" width=\"500\" height=\"282\" frameborder=\"0\" marginwidth=\"0\" marginheight=\"0\" scrolling=\"no\"><\/iframe><\/p>\n","protected":false},"excerpt":{"rendered":"<p>Aquest curs ja estan a cicle mitj\u00e0 i ens endinsem en nous continguts com \u00e9s orientar-se en un recorregut on hi ha disposat el material d\u2019educaci\u00f3 f\u00edsica. Han sigut capaces\/\u00e7os de crear en petit grup, els seus propis recorreguts i fer-los.<br \/>\nTamb\u00e9 hem parlat del funcionament&hellip;  <a href=\"https:\/\/agora.xtec.cat\/escolapacocandel\/comunitat-de-mitjans\/ef-1r-trimestre-tercer\/\" title=\"Read EF 1r Trimestre TERCER\">Llegeix m\u00e9s\u00bb<\/a><\/p>\n","protected":false},"author":25,"featured_media":5527,"comment_status":"open","ping_status":"closed","sticky":false,"template":"","format":"standard","meta":{"_bbp_topic_count":0,"_bbp_reply_count":0,"_bbp_total_topic_count":0,"_bbp_total_reply_count":0,"_bbp_voice_count":0,"_bbp_anonymous_reply_count":0,"_bbp_topic_count_hidden":0,"_bbp_reply_count_hidden":0,"_bbp_forum_subforum_count":0,"footnotes":""},"categories":[127,141],"tags":[106],"class_list":["post-5526","post","type-post","status-publish","format-standard","has-post-thumbnail","hentry","category-comunitat-de-mitjans","category-3r","tag-educacio-fisica"],"post_mailing_queue_ids":[],"_links":{"self":[{"href":"https:\/\/agora.xtec.cat\/escolapacocandel\/wp-json\/wp\/v2\/posts\/5526","targetHints":{"allow":["GET"]}}],"collection":[{"href":"https:\/\/agora.xtec.cat\/escolapacocandel\/wp-json\/wp\/v2\/posts"}],"about":[{"href":"https:\/\/agora.xtec.cat\/escolapacocandel\/wp-json\/wp\/v2\/types\/post"}],"author":[{"embeddable":true,"href":"https:\/\/agora.xtec.cat\/escolapacocandel\/wp-json\/wp\/v2\/users\/25"}],"replies":[{"embeddable":true,"href":"https:\/\/agora.xtec.cat\/escolapacocandel\/wp-json\/wp\/v2\/comments?post=5526"}],"version-history":[{"count":2,"href":"https:\/\/agora.xtec.cat\/escolapacocandel\/wp-json\/wp\/v2\/posts\/5526\/revisions"}],"predecessor-version":[{"id":5560,"href":"https:\/\/agora.xtec.cat\/escolapacocandel\/wp-json\/wp\/v2\/posts\/5526\/revisions\/5560"}],"wp:featuredmedia":[{"embeddable":true,"href":"https:\/\/agora.xtec.cat\/escolapacocandel\/wp-json\/wp\/v2\/media\/5527"}],"wp:attachment":[{"href":"https:\/\/agora.xtec.cat\/escolapacocandel\/wp-json\/wp\/v2\/media?parent=5526"}],"wp:term":[{"taxonomy":"category","embeddable":true,"href":"https:\/\/agora.xtec.cat\/escolapacocandel\/wp-json\/wp\/v2\/categories?post=5526"},{"taxonomy":"post_tag","embeddable":true,"href":"https:\/\/agora.xtec.cat\/escolapacocandel\/wp-json\/wp\/v2\/tags?post=5526"}],"curies":[{"name":"wp","href":"https:\/\/api.w.org\/{rel}","templated":true}]}}