{"id":5521,"date":"2021-12-20T18:18:24","date_gmt":"2021-12-20T17:18:24","guid":{"rendered":"https:\/\/agora.xtec.cat\/escolapacocandel\/?p=5521"},"modified":"2024-01-31T18:19:56","modified_gmt":"2024-01-31T17:19:56","slug":"ef-1r-trimestre-segon","status":"publish","type":"post","link":"https:\/\/agora.xtec.cat\/escolapacocandel\/comunitat-de-mitjans\/ef-1r-trimestre-segon\/","title":{"rendered":"EF 1r Trimestre SEGON"},"content":{"rendered":"<p>L\u2019alumnat de 2n ha seguit aprenent sobre el seu cos i les parts que el composen. Acabem de consolidar la dreta i la esquerra i ens s\u2019orienten s\u00faper b\u00e9 a partir del seu cos (davant, darrera, dreta, esquerra, lluny, a prop, a sobre o a sota\u2026).<\/p>\n<p>Al Setembre vam fer les sessions al pati de l\u2019escola i van demanar anar a la sala de psicomotricitat a recordar quan anaven a Educaci\u00f3 Infantil; van gaudir molt d\u2019aquestes petites estones \ud83d\ude42<\/p>\n<p>A l\u2019Octubre vam comen\u00e7ar a anar al Poliesportiu com el curs passat, ja coneixen l\u2019espai i funcionament, all\u00e0 han treballat diferents habilitats motrius; com s\u00f3n els salts, i salts amb corda, els girs (tombarelles i croqueta), equilibris amb diferents parts del nostre cos, llan\u00e7aments, recepcions amb i sense implement, i diversos despla\u00e7aments. Aquestes habilitats les hem treballat per estacions en petit grup on poden practicar de manera individual, en parella o trio segons necessitats.<\/p>\n<p>Al final de les sessions intentem fer un joc calmat, massatges en gran grup o en parella, relaxaci\u00f3 amb respiracions o amb m\u00fasica, postures de ioga, etc. I aix\u00ed aconseguir baixar les pulsacions del nostre cor.<\/p>\n<p>L\u2019alumnat de 2n gaudeix molt de les sessions, sempre tenen aportacions i ganes de fer i ensenyar les noves habilitats adquirides.<\/p>\n<p>BoNes FeSTes!<\/p>\n<p>&nbsp;<\/p>\n<blockquote class=\"wp-embedded-content\" data-secret=\"1o0MfXDULP\"><p><a href=\"https:\/\/agora.xtec.cat\/escolapacocandel\/fotos-privat\/imatges-ef-2n\/\">Protegit: Imatges EF 2n<\/a><\/p><\/blockquote>\n<p><iframe loading=\"lazy\" class=\"wp-embedded-content\" sandbox=\"allow-scripts\" security=\"restricted\" style=\"position: absolute; clip: rect(1px, 1px, 1px, 1px);\" title=\"&#8220;Protegit: Imatges EF 2n&#8221; &#8212; Escola Paco Candel\" src=\"https:\/\/agora.xtec.cat\/escolapacocandel\/fotos-privat\/imatges-ef-2n\/embed\/#?secret=suZ8mwoaf0#?secret=1o0MfXDULP\" data-secret=\"1o0MfXDULP\" width=\"500\" height=\"282\" frameborder=\"0\" marginwidth=\"0\" marginheight=\"0\" scrolling=\"no\"><\/iframe><\/p>\n","protected":false},"excerpt":{"rendered":"<p>L\u2019alumnat de 2n ha seguit aprenent sobre el seu cos i les parts que el composen. Acabem de consolidar la dreta i la esquerra i ens s\u2019orienten s\u00faper b\u00e9 a partir del seu cos (davant, darrera, dreta, esquerra, lluny, a prop, a sobre o a&hellip;  <a href=\"https:\/\/agora.xtec.cat\/escolapacocandel\/comunitat-de-mitjans\/ef-1r-trimestre-segon\/\" title=\"Read EF 1r Trimestre SEGON\">Llegeix m\u00e9s\u00bb<\/a><\/p>\n","protected":false},"author":25,"featured_media":5522,"comment_status":"open","ping_status":"closed","sticky":false,"template":"","format":"standard","meta":{"_bbp_topic_count":0,"_bbp_reply_count":0,"_bbp_total_topic_count":0,"_bbp_total_reply_count":0,"_bbp_voice_count":0,"_bbp_anonymous_reply_count":0,"_bbp_topic_count_hidden":0,"_bbp_reply_count_hidden":0,"_bbp_forum_subforum_count":0,"footnotes":""},"categories":[127,137],"tags":[106],"class_list":["post-5521","post","type-post","status-publish","format-standard","has-post-thumbnail","hentry","category-comunitat-de-mitjans","category-2n","tag-educacio-fisica"],"post_mailing_queue_ids":[],"_links":{"self":[{"href":"https:\/\/agora.xtec.cat\/escolapacocandel\/wp-json\/wp\/v2\/posts\/5521","targetHints":{"allow":["GET"]}}],"collection":[{"href":"https:\/\/agora.xtec.cat\/escolapacocandel\/wp-json\/wp\/v2\/posts"}],"about":[{"href":"https:\/\/agora.xtec.cat\/escolapacocandel\/wp-json\/wp\/v2\/types\/post"}],"author":[{"embeddable":true,"href":"https:\/\/agora.xtec.cat\/escolapacocandel\/wp-json\/wp\/v2\/users\/25"}],"replies":[{"embeddable":true,"href":"https:\/\/agora.xtec.cat\/escolapacocandel\/wp-json\/wp\/v2\/comments?post=5521"}],"version-history":[{"count":2,"href":"https:\/\/agora.xtec.cat\/escolapacocandel\/wp-json\/wp\/v2\/posts\/5521\/revisions"}],"predecessor-version":[{"id":5559,"href":"https:\/\/agora.xtec.cat\/escolapacocandel\/wp-json\/wp\/v2\/posts\/5521\/revisions\/5559"}],"wp:featuredmedia":[{"embeddable":true,"href":"https:\/\/agora.xtec.cat\/escolapacocandel\/wp-json\/wp\/v2\/media\/5522"}],"wp:attachment":[{"href":"https:\/\/agora.xtec.cat\/escolapacocandel\/wp-json\/wp\/v2\/media?parent=5521"}],"wp:term":[{"taxonomy":"category","embeddable":true,"href":"https:\/\/agora.xtec.cat\/escolapacocandel\/wp-json\/wp\/v2\/categories?post=5521"},{"taxonomy":"post_tag","embeddable":true,"href":"https:\/\/agora.xtec.cat\/escolapacocandel\/wp-json\/wp\/v2\/tags?post=5521"}],"curies":[{"name":"wp","href":"https:\/\/api.w.org\/{rel}","templated":true}]}}