{"id":551,"date":"2016-05-31T18:13:59","date_gmt":"2016-05-31T17:13:59","guid":{"rendered":"http:\/\/agora.xtec.cat\/escolapacocandel\/?p=551"},"modified":"2016-05-31T18:13:59","modified_gmt":"2016-05-31T17:13:59","slug":"matricula-escolar-curs-20162017","status":"publish","type":"post","link":"https:\/\/agora.xtec.cat\/escolapacocandel\/general\/matricula-escolar-curs-20162017\/","title":{"rendered":"MATR\u00cdCULA ESCOLAR CURS 2016\/2017"},"content":{"rendered":"<p>BENVOLGUDES FAM\u00cdLIES<\/p>\n<p>El per\u00edode de matr\u00edcula escolar per aquells alumnes assignats al nostre centre \u00e9s del dia 13 al 17 de juny.<br \/>\nL&#8217;horari d&#8217;atenci\u00f3 a les fam\u00edlies ser\u00e0:<br \/>\nDE DILLUNS A DIVENDRES de 9 a 13 hores<br \/>\nDIMARTS I DIVENDRES : de 15 a 17 hores<\/p>\n<p>La documentaci\u00f3 que haureu d&#8217;adjuntar \u00e9s la seg\u00fcent:<br \/>\n&#8211; 4 fotografies mida carnet del nen\/nena<br \/>\n&#8211; fotoc\u00f2pia del carnet de vacunes<br \/>\n&#8211; fotoc\u00f2pia de TOTS ELS FULLS del llibre de fam\u00edlia<br \/>\n&#8211; DNI\/NIE\/PASSAPORT de tots els membres de la unitat familiar<br \/>\n&#8211; Altres: aquella documentaci\u00f3 que no vareu presentar en el moment de la preinscripci\u00f3 (convenis de divorci, carnets, discapacitats&#8230;.)<\/p>\n<p>Finalment, el dia que feu la matr\u00edcula, se us facilitar\u00e0 informaci\u00f3 relativa a la reuni\u00f3 general que es far\u00e0 a finals de juny aix\u00ed com informacions referents a l&#8217;AFA de l&#8217;escola.<\/p>\n","protected":false},"excerpt":{"rendered":"<p>BENVOLGUDES FAM\u00cdLIES<br \/>\nEl per\u00edode de matr\u00edcula escolar per aquells alumnes assignats al nostre centre \u00e9s del dia 13 al 17 de juny.<br \/>\nL&#8217;horari d&#8217;atenci\u00f3 a les fam\u00edlies ser\u00e0:<br \/>\nDE DILLUNS A DIVENDRES de 9 a 13 hores<br \/>\nDIMARTS I DIVENDRES : de 15 a 17 hores<br \/>\nLa documentaci\u00f3 que haureu&hellip;  <a href=\"https:\/\/agora.xtec.cat\/escolapacocandel\/general\/matricula-escolar-curs-20162017\/\" title=\"Read MATR\u00cdCULA ESCOLAR CURS 2016\/2017\">Llegeix m\u00e9s\u00bb<\/a><\/p>\n","protected":false},"author":1,"featured_media":0,"comment_status":"open","ping_status":"open","sticky":false,"template":"","format":"standard","meta":{"_bbp_topic_count":0,"_bbp_reply_count":0,"_bbp_total_topic_count":0,"_bbp_total_reply_count":0,"_bbp_voice_count":0,"_bbp_anonymous_reply_count":0,"_bbp_topic_count_hidden":0,"_bbp_reply_count_hidden":0,"_bbp_forum_subforum_count":0,"footnotes":""},"categories":[1],"tags":[],"class_list":["post-551","post","type-post","status-publish","format-standard","hentry","category-general"],"post_mailing_queue_ids":[],"_links":{"self":[{"href":"https:\/\/agora.xtec.cat\/escolapacocandel\/wp-json\/wp\/v2\/posts\/551","targetHints":{"allow":["GET"]}}],"collection":[{"href":"https:\/\/agora.xtec.cat\/escolapacocandel\/wp-json\/wp\/v2\/posts"}],"about":[{"href":"https:\/\/agora.xtec.cat\/escolapacocandel\/wp-json\/wp\/v2\/types\/post"}],"author":[{"embeddable":true,"href":"https:\/\/agora.xtec.cat\/escolapacocandel\/wp-json\/wp\/v2\/users\/1"}],"replies":[{"embeddable":true,"href":"https:\/\/agora.xtec.cat\/escolapacocandel\/wp-json\/wp\/v2\/comments?post=551"}],"version-history":[{"count":1,"href":"https:\/\/agora.xtec.cat\/escolapacocandel\/wp-json\/wp\/v2\/posts\/551\/revisions"}],"predecessor-version":[{"id":552,"href":"https:\/\/agora.xtec.cat\/escolapacocandel\/wp-json\/wp\/v2\/posts\/551\/revisions\/552"}],"wp:attachment":[{"href":"https:\/\/agora.xtec.cat\/escolapacocandel\/wp-json\/wp\/v2\/media?parent=551"}],"wp:term":[{"taxonomy":"category","embeddable":true,"href":"https:\/\/agora.xtec.cat\/escolapacocandel\/wp-json\/wp\/v2\/categories?post=551"},{"taxonomy":"post_tag","embeddable":true,"href":"https:\/\/agora.xtec.cat\/escolapacocandel\/wp-json\/wp\/v2\/tags?post=551"}],"curies":[{"name":"wp","href":"https:\/\/api.w.org\/{rel}","templated":true}]}}