{"id":5500,"date":"2021-12-18T07:52:01","date_gmt":"2021-12-18T06:52:01","guid":{"rendered":"https:\/\/agora.xtec.cat\/escolapacocandel\/?p=5500"},"modified":"2024-01-31T18:07:56","modified_gmt":"2024-01-31T17:07:56","slug":"amb-botes-daigua","status":"publish","type":"post","link":"https:\/\/agora.xtec.cat\/escolapacocandel\/comunitat-de-petits\/amb-botes-daigua\/","title":{"rendered":"Amb botes d&#8217;aigua"},"content":{"rendered":"<p>Que plogui semp<a href=\"https:\/\/agora.xtec.cat\/escolapacocandel\/wp-content\/uploads\/usu332\/2021\/12\/Imagen1.jpg\"><img loading=\"lazy\" decoding=\"async\" class=\"wp-image-5501 alignleft\" src=\"https:\/\/agora.xtec.cat\/escolapacocandel\/wp-content\/uploads\/usu332\/2021\/12\/Imagen1-1024x768.jpg\" alt=\"\" width=\"546\" height=\"409\" srcset=\"https:\/\/agora.xtec.cat\/escolapacocandel\/wp-content\/uploads\/usu332\/2021\/12\/Imagen1-1024x768.jpg 1024w, https:\/\/agora.xtec.cat\/escolapacocandel\/wp-content\/uploads\/usu332\/2021\/12\/Imagen1-300x225.jpg 300w, https:\/\/agora.xtec.cat\/escolapacocandel\/wp-content\/uploads\/usu332\/2021\/12\/Imagen1-768x576.jpg 768w, https:\/\/agora.xtec.cat\/escolapacocandel\/wp-content\/uploads\/usu332\/2021\/12\/Imagen1-1536x1152.jpg 1536w, https:\/\/agora.xtec.cat\/escolapacocandel\/wp-content\/uploads\/usu332\/2021\/12\/Imagen1-200x150.jpg 200w, https:\/\/agora.xtec.cat\/escolapacocandel\/wp-content\/uploads\/usu332\/2021\/12\/Imagen1.jpg 1766w\" sizes=\"auto, (max-width: 546px) 100vw, 546px\" \/><\/a>re \u00e9s emocionant.\u00a0Sentir el so de les gotes en contacte amb el terra, l\u2019olor a\u00a0 mullat de l\u2019herba,\u2026<\/p>\n<p>La pluja t\u00e9 la capacitat de despertar tots els sentits, per\u00f2, a m\u00e9s \u00e9s capa\u00e7 de despertar el cos i el seu moviment.<\/p>\n<p>A l\u2019escola, els bassals s\u00f3n una gran oportunitat d\u2019aprenentatge i ofereixen possibilitats a tots els infants, \u00a0respectant els seus ritmes i nivells evolutius.\u00a0 Cada un desenvolupa unes habilitats i adquireix uns aprenentatges diferents, funcionals i significatius ja que tots esdevenen a trav\u00e9s de viv\u00e8ncies i experi\u00e8ncies viscudes.<\/p>\n<p>&nbsp;<\/p>\n<p>Moltes s\u00f3n les accions que els infants van generant dins dels bassals. Caminen, salten, arrosseguen, esquitxen, toquen, agafen, deixen&#8230; Un\u00a0 ball de moviments que posa a proba tot el cos.<\/p>\n<p><a href=\"https:\/\/agora.xtec.cat\/escolapacocandel\/wp-content\/uploads\/usu332\/2021\/12\/Imagen3.jpg\"><img loading=\"lazy\" decoding=\"async\" class=\"wp-image-5502 alignleft\" src=\"https:\/\/agora.xtec.cat\/escolapacocandel\/wp-content\/uploads\/usu332\/2021\/12\/Imagen3-1024x768.jpg\" alt=\"\" width=\"250\" height=\"188\" srcset=\"https:\/\/agora.xtec.cat\/escolapacocandel\/wp-content\/uploads\/usu332\/2021\/12\/Imagen3-1024x768.jpg 1024w, https:\/\/agora.xtec.cat\/escolapacocandel\/wp-content\/uploads\/usu332\/2021\/12\/Imagen3-300x225.jpg 300w, https:\/\/agora.xtec.cat\/escolapacocandel\/wp-content\/uploads\/usu332\/2021\/12\/Imagen3-768x576.jpg 768w, https:\/\/agora.xtec.cat\/escolapacocandel\/wp-content\/uploads\/usu332\/2021\/12\/Imagen3-1536x1152.jpg 1536w, https:\/\/agora.xtec.cat\/escolapacocandel\/wp-content\/uploads\/usu332\/2021\/12\/Imagen3-2048x1536.jpg 2048w, https:\/\/agora.xtec.cat\/escolapacocandel\/wp-content\/uploads\/usu332\/2021\/12\/Imagen3-200x150.jpg 200w\" sizes=\"auto, (max-width: 250px) 100vw, 250px\" \/><\/a><\/p>\n<p><a href=\"https:\/\/agora.xtec.cat\/escolapacocandel\/wp-content\/uploads\/usu332\/2021\/12\/Imagen5.jpg\"><img loading=\"lazy\" decoding=\"async\" class=\"wp-image-5504 alignleft\" src=\"https:\/\/agora.xtec.cat\/escolapacocandel\/wp-content\/uploads\/usu332\/2021\/12\/Imagen5.jpg\" alt=\"\" width=\"254\" height=\"188\" srcset=\"https:\/\/agora.xtec.cat\/escolapacocandel\/wp-content\/uploads\/usu332\/2021\/12\/Imagen5.jpg 846w, https:\/\/agora.xtec.cat\/escolapacocandel\/wp-content\/uploads\/usu332\/2021\/12\/Imagen5-300x222.jpg 300w, https:\/\/agora.xtec.cat\/escolapacocandel\/wp-content\/uploads\/usu332\/2021\/12\/Imagen5-768x568.jpg 768w\" sizes=\"auto, (max-width: 254px) 100vw, 254px\" \/><\/a><a href=\"https:\/\/agora.xtec.cat\/escolapacocandel\/wp-content\/uploads\/usu332\/2021\/12\/Imagen4.jpg\"><img loading=\"lazy\" decoding=\"async\" class=\"wp-image-5503 alignleft\" src=\"https:\/\/agora.xtec.cat\/escolapacocandel\/wp-content\/uploads\/usu332\/2021\/12\/Imagen4.jpg\" alt=\"\" width=\"238\" height=\"189\" srcset=\"https:\/\/agora.xtec.cat\/escolapacocandel\/wp-content\/uploads\/usu332\/2021\/12\/Imagen4.jpg 787w, https:\/\/agora.xtec.cat\/escolapacocandel\/wp-content\/uploads\/usu332\/2021\/12\/Imagen4-300x239.jpg 300w, https:\/\/agora.xtec.cat\/escolapacocandel\/wp-content\/uploads\/usu332\/2021\/12\/Imagen4-768x611.jpg 768w\" sizes=\"auto, (max-width: 238px) 100vw, 238px\" \/><\/a><\/p>\n<p>&nbsp;<\/p>\n<p>&nbsp;<\/p>\n<p>&nbsp;<\/p>\n<p>&nbsp;<\/p>\n<p>&nbsp;<\/p>\n<p>Els bassals s\u00f3n a l\u2019escola una gran oportunitat de joc per\u00f2 tamb\u00e9 una oportunitat d\u2019experimentar amb l\u2019aigua i les\u00a0 seves propietats.\u00a0 \u00c9s una oportunitat per veure com la calma de l\u2019aigua es trenca quan passes amb la bicicleta, mesurar la profunditat amb el propi cos o amb un objecte, adonar-se de la temperatura i la pressi\u00f3 caminant amb les botes d\u2019aigua, adonar-se del so al trepitjar-la i la manera com esquitxa si ho fem a poc a poc o m\u00e9s de pressa, el canvi de color quan amb els peus la sorra i l\u2019aigua es barregen&#8230; L\u2019efecte mirall. Mirar-nos-hi, mirar el cel, el m\u00f3n al rev\u00e9s&#8230;<\/p>\n<p style=\"text-align: right;\"><b><i>\u201cPer als infants, hi ha pluges i pluges. La que diverteix i sorpr\u00e8n, i la que angoixa i avorreix. Per\u00f2 si la pluja deixa un bassal, gr\u00e0cies a la bondat d\u2019un petit forat a terra i a una mica de sol, els nens fan una festa. I la festa esdev\u00e9 una gran celebraci\u00f3 si els adults no dicten prohibicions i els segueixen els jocs\u201d<\/i><\/b><\/p>\n<p style=\"text-align: right;\"><b><i><a href=\"https:\/\/agora.xtec.cat\/escolapacocandel\/wp-content\/uploads\/usu332\/2021\/12\/Imagen6.jpg\"><img loading=\"lazy\" decoding=\"async\" class=\"wp-image-5506 alignleft\" src=\"https:\/\/agora.xtec.cat\/escolapacocandel\/wp-content\/uploads\/usu332\/2021\/12\/Imagen6.jpg\" alt=\"\" width=\"308\" height=\"239\" srcset=\"https:\/\/agora.xtec.cat\/escolapacocandel\/wp-content\/uploads\/usu332\/2021\/12\/Imagen6.jpg 859w, https:\/\/agora.xtec.cat\/escolapacocandel\/wp-content\/uploads\/usu332\/2021\/12\/Imagen6-300x233.jpg 300w, https:\/\/agora.xtec.cat\/escolapacocandel\/wp-content\/uploads\/usu332\/2021\/12\/Imagen6-768x595.jpg 768w\" sizes=\"auto, (max-width: 308px) 100vw, 308px\" \/><\/a>Loris<\/i><\/b> <b><i>Malaguzzi<\/i><\/b><\/p>\n<p>&nbsp;<\/p>\n<p>&nbsp;<\/p>\n","protected":false},"excerpt":{"rendered":"<p>Que plogui semp<a href=\"https:\/\/agora.xtec.cat\/escolapacocandel\/wp-content\/uploads\/usu332\/2021\/12\/Imagen1.jpg\"><\/a>re \u00e9s emocionant.\u00a0Sentir el so de les gotes en contacte amb el terra, l\u2019olor a\u00a0 mullat de l\u2019herba,\u2026<br \/>\nLa pluja t\u00e9 la capacitat de despertar tots els sentits, per\u00f2, a m\u00e9s \u00e9s capa\u00e7 de despertar el cos i el seu moviment.<br \/>\nA l\u2019escola, els&hellip;  <a href=\"https:\/\/agora.xtec.cat\/escolapacocandel\/comunitat-de-petits\/amb-botes-daigua\/\" title=\"Read Amb botes d&#8217;aigua\">Llegeix m\u00e9s\u00bb<\/a><\/p>\n","protected":false},"author":5,"featured_media":5501,"comment_status":"open","ping_status":"closed","sticky":false,"template":"","format":"standard","meta":{"_bbp_topic_count":0,"_bbp_reply_count":0,"_bbp_total_topic_count":0,"_bbp_total_reply_count":0,"_bbp_voice_count":0,"_bbp_anonymous_reply_count":0,"_bbp_topic_count_hidden":0,"_bbp_reply_count_hidden":0,"_bbp_forum_subforum_count":0,"footnotes":""},"categories":[182,183,196,128],"tags":[],"class_list":["post-5500","post","type-post","status-publish","format-standard","has-post-thumbnail","hentry","category-3-anys","category-4-anys","category-5-anys","category-comunitat-de-petits"],"post_mailing_queue_ids":[],"_links":{"self":[{"href":"https:\/\/agora.xtec.cat\/escolapacocandel\/wp-json\/wp\/v2\/posts\/5500","targetHints":{"allow":["GET"]}}],"collection":[{"href":"https:\/\/agora.xtec.cat\/escolapacocandel\/wp-json\/wp\/v2\/posts"}],"about":[{"href":"https:\/\/agora.xtec.cat\/escolapacocandel\/wp-json\/wp\/v2\/types\/post"}],"author":[{"embeddable":true,"href":"https:\/\/agora.xtec.cat\/escolapacocandel\/wp-json\/wp\/v2\/users\/5"}],"replies":[{"embeddable":true,"href":"https:\/\/agora.xtec.cat\/escolapacocandel\/wp-json\/wp\/v2\/comments?post=5500"}],"version-history":[{"count":3,"href":"https:\/\/agora.xtec.cat\/escolapacocandel\/wp-json\/wp\/v2\/posts\/5500\/revisions"}],"predecessor-version":[{"id":5513,"href":"https:\/\/agora.xtec.cat\/escolapacocandel\/wp-json\/wp\/v2\/posts\/5500\/revisions\/5513"}],"wp:featuredmedia":[{"embeddable":true,"href":"https:\/\/agora.xtec.cat\/escolapacocandel\/wp-json\/wp\/v2\/media\/5501"}],"wp:attachment":[{"href":"https:\/\/agora.xtec.cat\/escolapacocandel\/wp-json\/wp\/v2\/media?parent=5500"}],"wp:term":[{"taxonomy":"category","embeddable":true,"href":"https:\/\/agora.xtec.cat\/escolapacocandel\/wp-json\/wp\/v2\/categories?post=5500"},{"taxonomy":"post_tag","embeddable":true,"href":"https:\/\/agora.xtec.cat\/escolapacocandel\/wp-json\/wp\/v2\/tags?post=5500"}],"curies":[{"name":"wp","href":"https:\/\/api.w.org\/{rel}","templated":true}]}}