{"id":545,"date":"2016-03-18T17:27:57","date_gmt":"2016-03-18T16:27:57","guid":{"rendered":"http:\/\/agora.xtec.cat\/escolapacocandel\/?p=545"},"modified":"2016-03-18T17:27:57","modified_gmt":"2016-03-18T16:27:57","slug":"preinscripcio-20162017","status":"publish","type":"post","link":"https:\/\/agora.xtec.cat\/escolapacocandel\/portada\/preinscripcio-20162017\/","title":{"rendered":"PREINSCRIPCI\u00d3 2016\/2017"},"content":{"rendered":"<p>Benvolgudes fam\u00edlies<br \/>\nCom b\u00e9 sabeu, la preinscripci\u00f3 escolar comen\u00e7a el proper dia 30 de mar\u00e7 fins el 7 d&#8217;abril.<\/p>\n<p><a href=\"http:\/\/agora.xtec.cat\/escolapacocandel\/wp-content\/uploads\/usu332\/2016\/03\/preinscripci\u00f311.pdf\">preinscripci\u00f31<\/a><\/p>\n<p><a href=\"http:\/\/agora.xtec.cat\/escolapacocandel\/wp-content\/uploads\/usu332\/2016\/03\/preinscripci\u00f32.pdf\">preinscripci\u00f32<\/a><\/p>\n","protected":false},"excerpt":{"rendered":"<p>Benvolgudes fam\u00edlies<br \/>\nCom b\u00e9 sabeu, la preinscripci\u00f3 escolar comen\u00e7a el proper dia 30 de mar\u00e7 fins el 7 d&#8217;abril.<br \/>\n<a href=\"http:\/\/agora.xtec.cat\/escolapacocandel\/wp-content\/uploads\/usu332\/2016\/03\/preinscripci\u00f311.pdf\">preinscripci\u00f31<\/a><br \/>\n<a href=\"http:\/\/agora.xtec.cat\/escolapacocandel\/wp-content\/uploads\/usu332\/2016\/03\/preinscripci\u00f32.pdf\">preinscripci\u00f32<\/a><\/p>\n","protected":false},"author":1,"featured_media":0,"comment_status":"open","ping_status":"open","sticky":false,"template":"","format":"standard","meta":{"_bbp_topic_count":0,"_bbp_reply_count":0,"_bbp_total_topic_count":0,"_bbp_total_reply_count":0,"_bbp_voice_count":0,"_bbp_anonymous_reply_count":0,"_bbp_topic_count_hidden":0,"_bbp_reply_count_hidden":0,"_bbp_forum_subforum_count":0,"footnotes":""},"categories":[4],"tags":[],"class_list":["post-545","post","type-post","status-publish","format-standard","hentry","category-portada"],"post_mailing_queue_ids":[],"_links":{"self":[{"href":"https:\/\/agora.xtec.cat\/escolapacocandel\/wp-json\/wp\/v2\/posts\/545","targetHints":{"allow":["GET"]}}],"collection":[{"href":"https:\/\/agora.xtec.cat\/escolapacocandel\/wp-json\/wp\/v2\/posts"}],"about":[{"href":"https:\/\/agora.xtec.cat\/escolapacocandel\/wp-json\/wp\/v2\/types\/post"}],"author":[{"embeddable":true,"href":"https:\/\/agora.xtec.cat\/escolapacocandel\/wp-json\/wp\/v2\/users\/1"}],"replies":[{"embeddable":true,"href":"https:\/\/agora.xtec.cat\/escolapacocandel\/wp-json\/wp\/v2\/comments?post=545"}],"version-history":[{"count":1,"href":"https:\/\/agora.xtec.cat\/escolapacocandel\/wp-json\/wp\/v2\/posts\/545\/revisions"}],"predecessor-version":[{"id":548,"href":"https:\/\/agora.xtec.cat\/escolapacocandel\/wp-json\/wp\/v2\/posts\/545\/revisions\/548"}],"wp:attachment":[{"href":"https:\/\/agora.xtec.cat\/escolapacocandel\/wp-json\/wp\/v2\/media?parent=545"}],"wp:term":[{"taxonomy":"category","embeddable":true,"href":"https:\/\/agora.xtec.cat\/escolapacocandel\/wp-json\/wp\/v2\/categories?post=545"},{"taxonomy":"post_tag","embeddable":true,"href":"https:\/\/agora.xtec.cat\/escolapacocandel\/wp-json\/wp\/v2\/tags?post=545"}],"curies":[{"name":"wp","href":"https:\/\/api.w.org\/{rel}","templated":true}]}}