{"id":5441,"date":"2021-12-13T14:44:54","date_gmt":"2021-12-13T13:44:54","guid":{"rendered":"https:\/\/agora.xtec.cat\/escolapacocandel\/?p=5441"},"modified":"2024-01-31T18:20:47","modified_gmt":"2024-01-31T17:20:47","slug":"olimpiques-i-olimpics","status":"publish","type":"post","link":"https:\/\/agora.xtec.cat\/escolapacocandel\/comunitat-de-mitjans\/olimpiques-i-olimpics\/","title":{"rendered":"Ol\u00edmpiques i ol\u00edmpics a l&#8217;estadi"},"content":{"rendered":"<p>La classe de les ol\u00edmpiques i els ol\u00edmpics hem pogut anar a visitar el museu i estadi ol\u00edmpic per con\u00e8ixer una mica millor tot all\u00f2 relacionat amb les olimp\u00edades i les paralimpiades.<\/p>\n<p>En primer lloc hem pogut aprendre sobre les paralimpiades, i hem vist com s&#8217;han adaptat jocs i s&#8217;han creat de nous per les persones amb diferent<a href=\"https:\/\/agora.xtec.cat\/escolapacocandel\/wp-content\/uploads\/usu332\/2021\/12\/IMG_8817.jpeg\"><img loading=\"lazy\" decoding=\"async\" class=\"wp-image-5442 alignleft\" src=\"https:\/\/agora.xtec.cat\/escolapacocandel\/wp-content\/uploads\/usu332\/2021\/12\/IMG_8817-1024x768.jpeg\" alt=\"\" width=\"309\" height=\"232\" srcset=\"https:\/\/agora.xtec.cat\/escolapacocandel\/wp-content\/uploads\/usu332\/2021\/12\/IMG_8817-1024x768.jpeg 1024w, https:\/\/agora.xtec.cat\/escolapacocandel\/wp-content\/uploads\/usu332\/2021\/12\/IMG_8817-300x225.jpeg 300w, https:\/\/agora.xtec.cat\/escolapacocandel\/wp-content\/uploads\/usu332\/2021\/12\/IMG_8817-768x576.jpeg 768w, https:\/\/agora.xtec.cat\/escolapacocandel\/wp-content\/uploads\/usu332\/2021\/12\/IMG_8817-1536x1152.jpeg 1536w, https:\/\/agora.xtec.cat\/escolapacocandel\/wp-content\/uploads\/usu332\/2021\/12\/IMG_8817-200x150.jpeg 200w, https:\/\/agora.xtec.cat\/escolapacocandel\/wp-content\/uploads\/usu332\/2021\/12\/IMG_8817.jpeg 2048w\" sizes=\"auto, (max-width: 309px) 100vw, 309px\" \/><\/a>s capacitats. Despr\u00e9s hem tingut l&#8217;oportunitat de posar-nos en la pell d&#8217;una persona cega jugant al goalball, on ens han tapat els ulls i hem jugat a llan\u00e7ar una pilota amb un picarol d&#8217;una porteria a un altra. Ha sigut molt divertit!<\/p>\n<p>Una vegada acabada aquesta activitat hem tingut l&#8217;oportunitat de veure l&#8217;estadi ol\u00edmpic i aprendre una mica m\u00e9s sobre la cerim\u00f2nia d&#8217;obertura de les olimp\u00edades de Barcelona del &#8217;92 i sobre la construcci\u00f3 d&#8217;aquest estadi.<\/p>\n<p>Finalment, hem visitat el museu ol\u00edmpic i hem pogut veure les medalles, les torxes ol\u00edmpiques <a href=\"https:\/\/agora.xtec.cat\/escolapacocandel\/wp-content\/uploads\/usu332\/2021\/12\/estadi.jpeg\"><img loading=\"lazy\" decoding=\"async\" class=\"wp-image-5444 alignleft\" src=\"https:\/\/agora.xtec.cat\/escolapacocandel\/wp-content\/uploads\/usu332\/2021\/12\/estadi-1024x860.jpeg\" alt=\"\" width=\"207\" height=\"174\" srcset=\"https:\/\/agora.xtec.cat\/escolapacocandel\/wp-content\/uploads\/usu332\/2021\/12\/estadi-1024x860.jpeg 1024w, https:\/\/agora.xtec.cat\/escolapacocandel\/wp-content\/uploads\/usu332\/2021\/12\/estadi-300x250.jpeg 300w, https:\/\/agora.xtec.cat\/escolapacocandel\/wp-content\/uploads\/usu332\/2021\/12\/estadi-768x645.jpeg 768w, https:\/\/agora.xtec.cat\/escolapacocandel\/wp-content\/uploads\/usu332\/2021\/12\/estadi.jpeg 1525w\" sizes=\"auto, (max-width: 207px) 100vw, 207px\" \/><\/a><img loading=\"lazy\" decoding=\"async\" class=\"wp-image-5443 alignleft\" src=\"https:\/\/agora.xtec.cat\/escolapacocandel\/wp-content\/uploads\/usu332\/2021\/12\/goalball-1024x833.jpeg\" alt=\"\" width=\"212\" height=\"173\" srcset=\"https:\/\/agora.xtec.cat\/escolapacocandel\/wp-content\/uploads\/usu332\/2021\/12\/goalball-1024x833.jpeg 1024w, https:\/\/agora.xtec.cat\/escolapacocandel\/wp-content\/uploads\/usu332\/2021\/12\/goalball-300x244.jpeg 300w, https:\/\/agora.xtec.cat\/escolapacocandel\/wp-content\/uploads\/usu332\/2021\/12\/goalball-768x625.jpeg 768w, https:\/\/agora.xtec.cat\/escolapacocandel\/wp-content\/uploads\/usu332\/2021\/12\/goalball.jpeg 1196w\" sizes=\"auto, (max-width: 212px) 100vw, 212px\" \/>i molt m\u00e9s!<\/p>\n<p>&nbsp;<\/p>\n<p>&nbsp;<\/p>\n<p>&nbsp;<\/p>\n<blockquote class=\"wp-embedded-content\" data-secret=\"jC9nKcAfEC\"><p><a href=\"https:\/\/agora.xtec.cat\/escolapacocandel\/fotos-privat\/mes-fotos\/\">Protegit: M\u00e9s fotos<\/a><\/p><\/blockquote>\n<p><iframe loading=\"lazy\" class=\"wp-embedded-content\" sandbox=\"allow-scripts\" security=\"restricted\" style=\"position: absolute; clip: rect(1px, 1px, 1px, 1px);\" title=\"&#8220;Protegit: M\u00e9s fotos&#8221; &#8212; Escola Paco Candel\" src=\"https:\/\/agora.xtec.cat\/escolapacocandel\/fotos-privat\/mes-fotos\/embed\/#?secret=LWV9dXaeKS#?secret=jC9nKcAfEC\" data-secret=\"jC9nKcAfEC\" width=\"500\" height=\"282\" frameborder=\"0\" marginwidth=\"0\" marginheight=\"0\" scrolling=\"no\"><\/iframe><\/p>\n","protected":false},"excerpt":{"rendered":"<p>La classe de les ol\u00edmpiques i els ol\u00edmpics hem pogut anar a visitar el museu i estadi ol\u00edmpic per con\u00e8ixer una mica millor tot all\u00f2 relacionat amb les olimp\u00edades i les paralimpiades.<br \/>\nEn primer lloc hem pogut aprendre sobre les paralimpiades, i hem vist com s&#8217;han&hellip;  <a href=\"https:\/\/agora.xtec.cat\/escolapacocandel\/comunitat-de-mitjans\/olimpiques-i-olimpics\/\" title=\"Read Ol\u00edmpiques i ol\u00edmpics a l&#8217;estadi\">Llegeix m\u00e9s\u00bb<\/a><\/p>\n","protected":false},"author":1,"featured_media":5444,"comment_status":"open","ping_status":"closed","sticky":false,"template":"","format":"standard","meta":{"_bbp_topic_count":0,"_bbp_reply_count":0,"_bbp_total_topic_count":0,"_bbp_total_reply_count":0,"_bbp_voice_count":0,"_bbp_anonymous_reply_count":0,"_bbp_topic_count_hidden":0,"_bbp_reply_count_hidden":0,"_bbp_forum_subforum_count":0,"footnotes":""},"categories":[127],"tags":[],"class_list":["post-5441","post","type-post","status-publish","format-standard","has-post-thumbnail","hentry","category-comunitat-de-mitjans"],"post_mailing_queue_ids":[],"_links":{"self":[{"href":"https:\/\/agora.xtec.cat\/escolapacocandel\/wp-json\/wp\/v2\/posts\/5441","targetHints":{"allow":["GET"]}}],"collection":[{"href":"https:\/\/agora.xtec.cat\/escolapacocandel\/wp-json\/wp\/v2\/posts"}],"about":[{"href":"https:\/\/agora.xtec.cat\/escolapacocandel\/wp-json\/wp\/v2\/types\/post"}],"author":[{"embeddable":true,"href":"https:\/\/agora.xtec.cat\/escolapacocandel\/wp-json\/wp\/v2\/users\/1"}],"replies":[{"embeddable":true,"href":"https:\/\/agora.xtec.cat\/escolapacocandel\/wp-json\/wp\/v2\/comments?post=5441"}],"version-history":[{"count":3,"href":"https:\/\/agora.xtec.cat\/escolapacocandel\/wp-json\/wp\/v2\/posts\/5441\/revisions"}],"predecessor-version":[{"id":5449,"href":"https:\/\/agora.xtec.cat\/escolapacocandel\/wp-json\/wp\/v2\/posts\/5441\/revisions\/5449"}],"wp:featuredmedia":[{"embeddable":true,"href":"https:\/\/agora.xtec.cat\/escolapacocandel\/wp-json\/wp\/v2\/media\/5444"}],"wp:attachment":[{"href":"https:\/\/agora.xtec.cat\/escolapacocandel\/wp-json\/wp\/v2\/media?parent=5441"}],"wp:term":[{"taxonomy":"category","embeddable":true,"href":"https:\/\/agora.xtec.cat\/escolapacocandel\/wp-json\/wp\/v2\/categories?post=5441"},{"taxonomy":"post_tag","embeddable":true,"href":"https:\/\/agora.xtec.cat\/escolapacocandel\/wp-json\/wp\/v2\/tags?post=5441"}],"curies":[{"name":"wp","href":"https:\/\/api.w.org\/{rel}","templated":true}]}}