{"id":5425,"date":"2021-12-10T10:25:48","date_gmt":"2021-12-10T09:25:48","guid":{"rendered":"https:\/\/agora.xtec.cat\/escolapacocandel\/?p=5425"},"modified":"2024-01-31T18:22:14","modified_gmt":"2024-01-31T17:22:14","slug":"lunivers-al-caixaforum","status":"publish","type":"post","link":"https:\/\/agora.xtec.cat\/escolapacocandel\/comunitat-de-mitjans\/lunivers-al-caixaforum\/","title":{"rendered":"L&#8217;Univers al CosmoCaixa!"},"content":{"rendered":"<p style=\"text-align: left;\">El passat divendres 3 de desembre, la classe de l&#8217;UNIVERS vam anar al\u00a0<span class=\"hiddenSpellError\">CosmoCaixa<\/span>\u00a0per fer la sortida del projecte que estem treballant.<\/p>\n<p>Primer vam fer una visita general a tot el museu on ens van explicar qu\u00e8 s\u00f3n les gal\u00e0xies i qu\u00e8 \u00e9s la gravetat. A m\u00e9s a m\u00e9s, vam poder veure a munt\u00f3 d&#8217;exposicions superinteressants: esquelets de dinosaures, el planeta terra en 3D, peixos, un bosc, trossos de meteorits&#8230;<\/p>\n<p><a style=\"color: #2795b6;\" href=\"https:\/\/agora.xtec.cat\/escolapacocandel\/wp-content\/uploads\/usu332\/2021\/12\/mini-rotated.jpeg\"><img loading=\"lazy\" decoding=\"async\" class=\"size-medium wp-image-5428 alignleft\" src=\"https:\/\/agora.xtec.cat\/escolapacocandel\/wp-content\/uploads\/usu332\/2021\/12\/mini-225x300.jpeg\" alt=\"\" width=\"225\" height=\"300\" srcset=\"https:\/\/agora.xtec.cat\/escolapacocandel\/wp-content\/uploads\/usu332\/2021\/12\/mini-225x300.jpeg 225w, https:\/\/agora.xtec.cat\/escolapacocandel\/wp-content\/uploads\/usu332\/2021\/12\/mini-rotated.jpeg 443w\" sizes=\"auto, (max-width: 225px) 100vw, 225px\" \/><\/a><\/p>\n<p>Despr\u00e9s vam gaudir d&#8217;una activitat guiada al planetari\u00a0<span class=\"hiddenGrammarError\" style=\"padding-bottom: 2px; background-image: url('..\/..\/..\/..\/..\/images\/squiggle.png'); background-repeat: repeat-x; background-position: left bottom; cursor: default; color: #000000; font-family: 'Open Sans', Helvetica, Arial, sans-serif; font-size: 16px; font-style: normal; font-variant-ligatures: normal; font-variant-caps: normal; font-weight: 300; letter-spacing: normal; orphans: 2; text-align: start; text-indent: 0px; text-transform: none; white-space: normal; widows: 2; word-spacing: 0px; -webkit-text-stroke-width: 0px; text-decoration-thickness: initial; text-decoration-style: initial; text-decoration-color: initial;\">bombolla<\/span>!!! Ens van explicar els moviments de la terra, les estacions, per qu\u00e8 es fa de nit i de dia i vam poder observar i tocar els planetes. Ens hem adonat que hem apr\u00e8s molt\u00edssim al llarg del projecte de la classe perqu\u00e8 sab\u00edem contestar a moltes preguntes que ens va fer la monitora. Es va quedar bocabadada \ud83d\ude2f<\/p>\n<p style=\"text-align: left;\">A m\u00e9s a m\u00e9s, vam passar una estoneta relaxada mirant les constel\u00b7lacions que ens van projectar al sostre del planetari i ens van explicar la hist\u00f2ria d&#8217;alguna d&#8217;elles.<\/p>\n<p>En acabar, vam gaudir d&#8217;una estoneta de joc lliure.<\/p>\n<p>Va ser un dia genial \ud83d\ude42<\/p>\n<blockquote class=\"wp-embedded-content\" data-secret=\"KvDYoVWGoL\"><p><a href=\"https:\/\/agora.xtec.cat\/escolapacocandel\/fotos-privat\/fotos-cosmocaixa\/\">Protegit: Fotos cosmocaixa<\/a><\/p><\/blockquote>\n<p><iframe loading=\"lazy\" class=\"wp-embedded-content\" sandbox=\"allow-scripts\" security=\"restricted\" style=\"position: absolute; clip: rect(1px, 1px, 1px, 1px);\" title=\"&#8220;Protegit: Fotos cosmocaixa&#8221; &#8212; Escola Paco Candel\" src=\"https:\/\/agora.xtec.cat\/escolapacocandel\/fotos-privat\/fotos-cosmocaixa\/embed\/#?secret=fa6XxZs0xM#?secret=KvDYoVWGoL\" data-secret=\"KvDYoVWGoL\" width=\"500\" height=\"282\" frameborder=\"0\" marginwidth=\"0\" marginheight=\"0\" scrolling=\"no\"><\/iframe><\/p>\n","protected":false},"excerpt":{"rendered":"<p>El passat divendres 3 de desembre, la classe de l&#8217;UNIVERS vam anar al\u00a0CosmoCaixa\u00a0per fer la sortida del projecte que estem treballant.<br \/>\nPrimer vam fer una visita general a tot el museu on ens van explicar qu\u00e8 s\u00f3n les gal\u00e0xies i qu\u00e8 \u00e9s la gravetat. A m\u00e9s&hellip;  <a href=\"https:\/\/agora.xtec.cat\/escolapacocandel\/comunitat-de-mitjans\/lunivers-al-caixaforum\/\" title=\"Read L&#8217;Univers al CosmoCaixa!\">Llegeix m\u00e9s\u00bb<\/a><\/p>\n","protected":false},"author":1,"featured_media":5428,"comment_status":"open","ping_status":"closed","sticky":false,"template":"","format":"standard","meta":{"_bbp_topic_count":0,"_bbp_reply_count":0,"_bbp_total_topic_count":0,"_bbp_total_reply_count":0,"_bbp_voice_count":0,"_bbp_anonymous_reply_count":0,"_bbp_topic_count_hidden":0,"_bbp_reply_count_hidden":0,"_bbp_forum_subforum_count":0,"footnotes":""},"categories":[127,140],"tags":[],"class_list":["post-5425","post","type-post","status-publish","format-standard","has-post-thumbnail","hentry","category-comunitat-de-mitjans","category-1r"],"post_mailing_queue_ids":[],"_links":{"self":[{"href":"https:\/\/agora.xtec.cat\/escolapacocandel\/wp-json\/wp\/v2\/posts\/5425","targetHints":{"allow":["GET"]}}],"collection":[{"href":"https:\/\/agora.xtec.cat\/escolapacocandel\/wp-json\/wp\/v2\/posts"}],"about":[{"href":"https:\/\/agora.xtec.cat\/escolapacocandel\/wp-json\/wp\/v2\/types\/post"}],"author":[{"embeddable":true,"href":"https:\/\/agora.xtec.cat\/escolapacocandel\/wp-json\/wp\/v2\/users\/1"}],"replies":[{"embeddable":true,"href":"https:\/\/agora.xtec.cat\/escolapacocandel\/wp-json\/wp\/v2\/comments?post=5425"}],"version-history":[{"count":4,"href":"https:\/\/agora.xtec.cat\/escolapacocandel\/wp-json\/wp\/v2\/posts\/5425\/revisions"}],"predecessor-version":[{"id":5438,"href":"https:\/\/agora.xtec.cat\/escolapacocandel\/wp-json\/wp\/v2\/posts\/5425\/revisions\/5438"}],"wp:featuredmedia":[{"embeddable":true,"href":"https:\/\/agora.xtec.cat\/escolapacocandel\/wp-json\/wp\/v2\/media\/5428"}],"wp:attachment":[{"href":"https:\/\/agora.xtec.cat\/escolapacocandel\/wp-json\/wp\/v2\/media?parent=5425"}],"wp:term":[{"taxonomy":"category","embeddable":true,"href":"https:\/\/agora.xtec.cat\/escolapacocandel\/wp-json\/wp\/v2\/categories?post=5425"},{"taxonomy":"post_tag","embeddable":true,"href":"https:\/\/agora.xtec.cat\/escolapacocandel\/wp-json\/wp\/v2\/tags?post=5425"}],"curies":[{"name":"wp","href":"https:\/\/api.w.org\/{rel}","templated":true}]}}