{"id":5422,"date":"2021-12-16T12:41:13","date_gmt":"2021-12-16T11:41:13","guid":{"rendered":"https:\/\/agora.xtec.cat\/escolapacocandel\/?p=5422"},"modified":"2024-01-31T18:45:05","modified_gmt":"2024-01-31T17:45:05","slug":"visita-a-les-coves-del-toll","status":"publish","type":"post","link":"https:\/\/agora.xtec.cat\/escolapacocandel\/comunitat-de-grans\/visita-a-les-coves-del-toll\/","title":{"rendered":"Visita a les Coves del Toll"},"content":{"rendered":"<p>El grup de la Prehist\u00f2ria de 4tB hem realitzat la sortida del projecte a les Coves del Toll de Moi\u00e0.<\/p>\n<p>El viatge fins a Moi\u00e0 va resultar una mica llarg i amb for\u00e7a corbes per\u00f2 tot i aix\u00ed, va valer la pena el que ens esperava a l&#8217;arribada.<\/p>\n<p>Vam poder endinsar-nos en unes coves de corall fossilitzat que tenen el seu origen fa 38 milions d&#8217;anys, quan Moi\u00e0 estava submergida per un mar.<\/p>\n<p>El guia de la cova, el Ra\u00fal, ens va explicar com era la vida en aquesta cova en els per\u00edodes del Paleol\u00edtic i el Neol\u00edtic ja que va estar habitada per animals com tamb\u00e9 per humans. Vam passar per galeries for\u00e7a estretes que ens feien una mica de por&#8230;<\/p>\n<p>Vam poder veure com vivien tamb\u00e9 a les cabanes; vam fer foc; i vam crear un objecte per poder-nos comunicar pel bosc, un brunzidor, que vam pintar amb pigments naturals.<\/p>\n<p>Ens ho vam passar la mar de b\u00e9 i vam poder entendre millor com era la vida en aquells anys&#8230; tan diferent de com \u00e9s la nostra avui en dia!<\/p>\n<p>VA SER UN GRAN DIA!<\/p>\n<blockquote class=\"wp-embedded-content\" data-secret=\"Lqzajfnv5C\"><p><a href=\"https:\/\/agora.xtec.cat\/escolapacocandel\/fotos-privat\/sortida-coves-del-toll\/\">Protegit: Sortida Coves del Toll<\/a><\/p><\/blockquote>\n<p><iframe loading=\"lazy\" class=\"wp-embedded-content\" sandbox=\"allow-scripts\" security=\"restricted\" style=\"position: absolute; clip: rect(1px, 1px, 1px, 1px);\" title=\"&#8220;Protegit: Sortida Coves del Toll&#8221; &#8212; Escola Paco Candel\" src=\"https:\/\/agora.xtec.cat\/escolapacocandel\/fotos-privat\/sortida-coves-del-toll\/embed\/#?secret=6QFndLzurR#?secret=Lqzajfnv5C\" data-secret=\"Lqzajfnv5C\" width=\"500\" height=\"282\" frameborder=\"0\" marginwidth=\"0\" marginheight=\"0\" scrolling=\"no\"><\/iframe><\/p>\n","protected":false},"excerpt":{"rendered":"<p>El grup de la Prehist\u00f2ria de 4tB hem realitzat la sortida del projecte a les Coves del Toll de Moi\u00e0.<br \/>\nEl viatge fins a Moi\u00e0 va resultar una mica llarg i amb for\u00e7a corbes per\u00f2 tot i aix\u00ed, va valer la pena el que ens esperava&hellip;  <a href=\"https:\/\/agora.xtec.cat\/escolapacocandel\/comunitat-de-grans\/visita-a-les-coves-del-toll\/\" title=\"Read Visita a les Coves del Toll\">Llegeix m\u00e9s\u00bb<\/a><\/p>\n","protected":false},"author":1,"featured_media":5482,"comment_status":"open","ping_status":"closed","sticky":false,"template":"","format":"standard","meta":{"_bbp_topic_count":0,"_bbp_reply_count":0,"_bbp_total_topic_count":0,"_bbp_total_reply_count":0,"_bbp_voice_count":0,"_bbp_anonymous_reply_count":0,"_bbp_topic_count_hidden":0,"_bbp_reply_count_hidden":0,"_bbp_forum_subforum_count":0,"footnotes":""},"categories":[129,143],"tags":[92],"class_list":["post-5422","post","type-post","status-publish","format-standard","has-post-thumbnail","hentry","category-comunitat-de-grans","category-4t","tag-sortides"],"post_mailing_queue_ids":[],"_links":{"self":[{"href":"https:\/\/agora.xtec.cat\/escolapacocandel\/wp-json\/wp\/v2\/posts\/5422","targetHints":{"allow":["GET"]}}],"collection":[{"href":"https:\/\/agora.xtec.cat\/escolapacocandel\/wp-json\/wp\/v2\/posts"}],"about":[{"href":"https:\/\/agora.xtec.cat\/escolapacocandel\/wp-json\/wp\/v2\/types\/post"}],"author":[{"embeddable":true,"href":"https:\/\/agora.xtec.cat\/escolapacocandel\/wp-json\/wp\/v2\/users\/1"}],"replies":[{"embeddable":true,"href":"https:\/\/agora.xtec.cat\/escolapacocandel\/wp-json\/wp\/v2\/comments?post=5422"}],"version-history":[{"count":3,"href":"https:\/\/agora.xtec.cat\/escolapacocandel\/wp-json\/wp\/v2\/posts\/5422\/revisions"}],"predecessor-version":[{"id":5483,"href":"https:\/\/agora.xtec.cat\/escolapacocandel\/wp-json\/wp\/v2\/posts\/5422\/revisions\/5483"}],"wp:featuredmedia":[{"embeddable":true,"href":"https:\/\/agora.xtec.cat\/escolapacocandel\/wp-json\/wp\/v2\/media\/5482"}],"wp:attachment":[{"href":"https:\/\/agora.xtec.cat\/escolapacocandel\/wp-json\/wp\/v2\/media?parent=5422"}],"wp:term":[{"taxonomy":"category","embeddable":true,"href":"https:\/\/agora.xtec.cat\/escolapacocandel\/wp-json\/wp\/v2\/categories?post=5422"},{"taxonomy":"post_tag","embeddable":true,"href":"https:\/\/agora.xtec.cat\/escolapacocandel\/wp-json\/wp\/v2\/tags?post=5422"}],"curies":[{"name":"wp","href":"https:\/\/api.w.org\/{rel}","templated":true}]}}