{"id":5419,"date":"2021-12-03T10:12:41","date_gmt":"2021-12-03T09:12:41","guid":{"rendered":"https:\/\/agora.xtec.cat\/escolapacocandel\/?p=5419"},"modified":"2024-01-31T18:44:50","modified_gmt":"2024-01-31T17:44:50","slug":"personatges-fantastics","status":"publish","type":"post","link":"https:\/\/agora.xtec.cat\/escolapacocandel\/comunitat-de-mitjans\/personatges-fantastics\/","title":{"rendered":"Personatges fant\u00e0stics"},"content":{"rendered":"<p style=\"text-align: justify;\">A l\u2019igual que la comprensi\u00f3 lectora, l\u2019<strong>expressi\u00f3 escrita<\/strong> implica un suport i un sistema de representaci\u00f3 gr\u00e0fica del llenguatge. L&#8217;expressi\u00f3 escrita es pot treballar de diferents maneres a l&#8217;aula. Aquesta vegada a partir del projecte del primer trimestre i aprofitant el mig grup d&#8217;expressi\u00f3 escrita els i les alumnes de 3r van poder fer una activitat relacionada amb personatges fant\u00e0stics. Van poder aprendre com s&#8217;elabora la descripci\u00f3 d&#8217;un personatge a partir d&#8217;unes preguntes guia i despr\u00e9s van poder fer la seva pr\u00f2pia creaci\u00f3. Aprendre a partir dels interessos dels infants fomenta i influeix molt positivament en el seu proc\u00e9s d&#8217;aprenentatge.<\/p>\n","protected":false},"excerpt":{"rendered":"<p>A l\u2019igual que la comprensi\u00f3 lectora, l\u2019expressi\u00f3 escrita implica un suport i un sistema de representaci\u00f3 gr\u00e0fica del llenguatge. L&#8217;expressi\u00f3 escrita es pot treballar de diferents maneres a l&#8217;aula. Aquesta vegada a partir del projecte del primer trimestre i aprofitant el mig grup d&#8217;expressi\u00f3 escrita&hellip;  <a href=\"https:\/\/agora.xtec.cat\/escolapacocandel\/comunitat-de-mitjans\/personatges-fantastics\/\" title=\"Read Personatges fant\u00e0stics\">Llegeix m\u00e9s\u00bb<\/a><\/p>\n","protected":false},"author":18,"featured_media":5420,"comment_status":"open","ping_status":"closed","sticky":false,"template":"","format":"standard","meta":{"_bbp_topic_count":0,"_bbp_reply_count":0,"_bbp_total_topic_count":0,"_bbp_total_reply_count":0,"_bbp_voice_count":0,"_bbp_anonymous_reply_count":0,"_bbp_topic_count_hidden":0,"_bbp_reply_count_hidden":0,"_bbp_forum_subforum_count":0,"footnotes":""},"categories":[127,141],"tags":[],"class_list":["post-5419","post","type-post","status-publish","format-standard","has-post-thumbnail","hentry","category-comunitat-de-mitjans","category-3r"],"post_mailing_queue_ids":[],"_links":{"self":[{"href":"https:\/\/agora.xtec.cat\/escolapacocandel\/wp-json\/wp\/v2\/posts\/5419","targetHints":{"allow":["GET"]}}],"collection":[{"href":"https:\/\/agora.xtec.cat\/escolapacocandel\/wp-json\/wp\/v2\/posts"}],"about":[{"href":"https:\/\/agora.xtec.cat\/escolapacocandel\/wp-json\/wp\/v2\/types\/post"}],"author":[{"embeddable":true,"href":"https:\/\/agora.xtec.cat\/escolapacocandel\/wp-json\/wp\/v2\/users\/18"}],"replies":[{"embeddable":true,"href":"https:\/\/agora.xtec.cat\/escolapacocandel\/wp-json\/wp\/v2\/comments?post=5419"}],"version-history":[{"count":1,"href":"https:\/\/agora.xtec.cat\/escolapacocandel\/wp-json\/wp\/v2\/posts\/5419\/revisions"}],"predecessor-version":[{"id":5421,"href":"https:\/\/agora.xtec.cat\/escolapacocandel\/wp-json\/wp\/v2\/posts\/5419\/revisions\/5421"}],"wp:featuredmedia":[{"embeddable":true,"href":"https:\/\/agora.xtec.cat\/escolapacocandel\/wp-json\/wp\/v2\/media\/5420"}],"wp:attachment":[{"href":"https:\/\/agora.xtec.cat\/escolapacocandel\/wp-json\/wp\/v2\/media?parent=5419"}],"wp:term":[{"taxonomy":"category","embeddable":true,"href":"https:\/\/agora.xtec.cat\/escolapacocandel\/wp-json\/wp\/v2\/categories?post=5419"},{"taxonomy":"post_tag","embeddable":true,"href":"https:\/\/agora.xtec.cat\/escolapacocandel\/wp-json\/wp\/v2\/tags?post=5419"}],"curies":[{"name":"wp","href":"https:\/\/api.w.org\/{rel}","templated":true}]}}