{"id":5366,"date":"2021-11-30T18:58:20","date_gmt":"2021-11-30T17:58:20","guid":{"rendered":"https:\/\/agora.xtec.cat\/escolapacocandel\/?p=5366"},"modified":"2024-01-31T18:50:48","modified_gmt":"2024-01-31T17:50:48","slug":"la-flauta-magica","status":"publish","type":"post","link":"https:\/\/agora.xtec.cat\/escolapacocandel\/comunitat-de-mitjans\/la-flauta-magica\/","title":{"rendered":"&#8220;La flauta m\u00e0gica&#8221;"},"content":{"rendered":"<p style=\"text-align: justify;\">Els infants de Cicle Mitj\u00e0, aquest mes de novembre han tingut l&#8217;oportunitat de gaudir d&#8217;un espectacle musical molt emocionant! Han pogut gaudir de <strong>Papageno &amp; Cia,<\/strong>\u00a0un itinerari per algunes de les \u00f2peres m\u00e9s famoses del geni de Salzburg, condu\u00eft per Papageno, un dels protagonistes de<em> La flauta m\u00e0gica.<\/em>\u00a0 L&#8217;espectacle no nom\u00e9s va ser un viatge a trav\u00e9s de l\u2019obra de Mozart, sin\u00f3 tamb\u00e9 un espectacle participatiu. Una invitaci\u00f3 a gaudir de la m\u00fasica tot formant part del concert.<\/p>\n<p>&nbsp;<\/p>\n","protected":false},"excerpt":{"rendered":"<p>Els infants de Cicle Mitj\u00e0, aquest mes de novembre han tingut l&#8217;oportunitat de gaudir d&#8217;un espectacle musical molt emocionant! Han pogut gaudir de Papageno &amp; Cia,\u00a0un itinerari per algunes de les \u00f2peres m\u00e9s famoses del geni de Salzburg, condu\u00eft per Papageno, un dels protagonistes de&hellip;  <a href=\"https:\/\/agora.xtec.cat\/escolapacocandel\/comunitat-de-mitjans\/la-flauta-magica\/\" title=\"Read &#8220;La flauta m\u00e0gica&#8221;\">Llegeix m\u00e9s\u00bb<\/a><\/p>\n","protected":false},"author":18,"featured_media":5367,"comment_status":"open","ping_status":"closed","sticky":false,"template":"","format":"standard","meta":{"_bbp_topic_count":0,"_bbp_reply_count":0,"_bbp_total_topic_count":0,"_bbp_total_reply_count":0,"_bbp_voice_count":0,"_bbp_anonymous_reply_count":0,"_bbp_topic_count_hidden":0,"_bbp_reply_count_hidden":0,"_bbp_forum_subforum_count":0,"footnotes":""},"categories":[127,141],"tags":[90,92],"class_list":["post-5366","post","type-post","status-publish","format-standard","has-post-thumbnail","hentry","category-comunitat-de-mitjans","category-3r","tag-musica","tag-sortides"],"post_mailing_queue_ids":[],"_links":{"self":[{"href":"https:\/\/agora.xtec.cat\/escolapacocandel\/wp-json\/wp\/v2\/posts\/5366","targetHints":{"allow":["GET"]}}],"collection":[{"href":"https:\/\/agora.xtec.cat\/escolapacocandel\/wp-json\/wp\/v2\/posts"}],"about":[{"href":"https:\/\/agora.xtec.cat\/escolapacocandel\/wp-json\/wp\/v2\/types\/post"}],"author":[{"embeddable":true,"href":"https:\/\/agora.xtec.cat\/escolapacocandel\/wp-json\/wp\/v2\/users\/18"}],"replies":[{"embeddable":true,"href":"https:\/\/agora.xtec.cat\/escolapacocandel\/wp-json\/wp\/v2\/comments?post=5366"}],"version-history":[{"count":1,"href":"https:\/\/agora.xtec.cat\/escolapacocandel\/wp-json\/wp\/v2\/posts\/5366\/revisions"}],"predecessor-version":[{"id":5368,"href":"https:\/\/agora.xtec.cat\/escolapacocandel\/wp-json\/wp\/v2\/posts\/5366\/revisions\/5368"}],"wp:featuredmedia":[{"embeddable":true,"href":"https:\/\/agora.xtec.cat\/escolapacocandel\/wp-json\/wp\/v2\/media\/5367"}],"wp:attachment":[{"href":"https:\/\/agora.xtec.cat\/escolapacocandel\/wp-json\/wp\/v2\/media?parent=5366"}],"wp:term":[{"taxonomy":"category","embeddable":true,"href":"https:\/\/agora.xtec.cat\/escolapacocandel\/wp-json\/wp\/v2\/categories?post=5366"},{"taxonomy":"post_tag","embeddable":true,"href":"https:\/\/agora.xtec.cat\/escolapacocandel\/wp-json\/wp\/v2\/tags?post=5366"}],"curies":[{"name":"wp","href":"https:\/\/api.w.org\/{rel}","templated":true}]}}