{"id":5295,"date":"2021-11-25T17:28:56","date_gmt":"2021-11-25T16:28:56","guid":{"rendered":"https:\/\/agora.xtec.cat\/escolapacocandel\/?p=5295"},"modified":"2024-01-31T18:23:08","modified_gmt":"2024-01-31T17:23:08","slug":"25n-dia-internacional-per-a-leliminacio-de-la-violencia-envers-les-dones","status":"publish","type":"post","link":"https:\/\/agora.xtec.cat\/escolapacocandel\/portada\/25n-dia-internacional-per-a-leliminacio-de-la-violencia-envers-les-dones\/","title":{"rendered":"25N: Dia internacional per a l\u2019eliminaci\u00f3 de la viol\u00e8ncia envers les dones"},"content":{"rendered":"<p style=\"text-align: center;\"><strong>Dia internacional per a l\u2019eliminaci\u00f3 de la viol\u00e8ncia envers les dones 2021<\/strong><\/p>\n<p>Al llarg d\u2019aquesta setmana a totes les aules de l\u2019Escola Paco Candel hem anat trobant una estona que s\u2019ha destinat a realitzar una activitat entorn en 25 de novembre: dia internacional per a l\u2019eliminaci\u00f3 de la viol\u00e8ncia envers les dones.<\/p>\n<p>Ensenyem i transmetem als infants que vivim en un m\u00f3n on la diversitat hi \u00e9s present en molts aspectes i on tothom ha de conviure en respecte; alhora que els ajudem a cr\u00e9ixer en l\u2019autoconeixement i gesti\u00f3 de les emocions, veient que en tenim un ventall ben ampli: alegria, entusiasme, avorriment, il\u00b7lusi\u00f3, tristesa, r\u00e0bia&#8230; per\u00f2 sobretot adquirint estrat\u00e8gies que ens permetin regular, reconduir i gestionar-les de tal manera que MAI exercim la viol\u00e8ncia envers les altres persones!<\/p>\n<p>Aix\u00ed, a les aules dels infants de 3, 4 i 5 anys han gaudit de l\u2019escolta d\u2019una hist\u00f2ria a trav\u00e9s de la lectura d\u2019un conte per part de les seves mestres. \u00c0lbums il\u00b7lustrats ben seleccionats amb temes i aspectes que amplien la seva mirada cap al m\u00f3n que els envolta i que, juntament amb el guiatge de la persona referent, comparteixen en una agradable estona de rotllana els pensaments i sentiments que els hi generen.<\/p>\n<p><a href=\"https:\/\/agora.xtec.cat\/escolapacocandel\/wp-content\/uploads\/usu332\/2021\/11\/DSC03834-1-scaled.jpg\">\u00a0 \u00a0 \u00a0 \u00a0 \u00a0 \u00a0 <\/a><a href=\"https:\/\/agora.xtec.cat\/escolapacocandel\/wp-content\/uploads\/usu332\/2021\/11\/IMG_3894.jpg\"><img loading=\"lazy\" decoding=\"async\" class=\"wp-image-5404 alignnone\" src=\"https:\/\/agora.xtec.cat\/escolapacocandel\/wp-content\/uploads\/usu332\/2021\/11\/IMG_3894.jpg\" alt=\"\" width=\"292\" height=\"219\" srcset=\"https:\/\/agora.xtec.cat\/escolapacocandel\/wp-content\/uploads\/usu332\/2021\/11\/IMG_3894.jpg 1024w, https:\/\/agora.xtec.cat\/escolapacocandel\/wp-content\/uploads\/usu332\/2021\/11\/IMG_3894-300x225.jpg 300w, https:\/\/agora.xtec.cat\/escolapacocandel\/wp-content\/uploads\/usu332\/2021\/11\/IMG_3894-768x576.jpg 768w, https:\/\/agora.xtec.cat\/escolapacocandel\/wp-content\/uploads\/usu332\/2021\/11\/IMG_3894-200x150.jpg 200w\" sizes=\"auto, (max-width: 292px) 100vw, 292px\" \/><\/a><a href=\"https:\/\/agora.xtec.cat\/escolapacocandel\/wp-content\/uploads\/usu332\/2021\/11\/DSC03834-1-scaled.jpg\">\u00a0 \u00a0 \u00a0 \u00a0 \u00a0 \u00a0 \u00a0 \u00a0<img loading=\"lazy\" decoding=\"async\" class=\"wp-image-5309 alignnone\" src=\"https:\/\/agora.xtec.cat\/escolapacocandel\/wp-content\/uploads\/usu332\/2021\/11\/DSC03834-1-768x1024.jpg\" alt=\"\" width=\"225\" height=\"300\" srcset=\"https:\/\/agora.xtec.cat\/escolapacocandel\/wp-content\/uploads\/usu332\/2021\/11\/DSC03834-1-768x1024.jpg 768w, https:\/\/agora.xtec.cat\/escolapacocandel\/wp-content\/uploads\/usu332\/2021\/11\/DSC03834-1-225x300.jpg 225w, https:\/\/agora.xtec.cat\/escolapacocandel\/wp-content\/uploads\/usu332\/2021\/11\/DSC03834-1-1152x1536.jpg 1152w, https:\/\/agora.xtec.cat\/escolapacocandel\/wp-content\/uploads\/usu332\/2021\/11\/DSC03834-1-1536x2048.jpg 1536w, https:\/\/agora.xtec.cat\/escolapacocandel\/wp-content\/uploads\/usu332\/2021\/11\/DSC03834-1-scaled.jpg 1920w\" sizes=\"auto, (max-width: 225px) 100vw, 225px\" \/>\u00a0 \u00a0 \u00a0 \u00a0 \u00a0 \u00a0 \u00a0 \u00a0 <\/a><a href=\"https:\/\/agora.xtec.cat\/escolapacocandel\/wp-content\/uploads\/usu332\/2021\/11\/DSC03838-scaled.jpg\"><img loading=\"lazy\" decoding=\"async\" class=\"wp-image-5308 alignnone\" src=\"https:\/\/agora.xtec.cat\/escolapacocandel\/wp-content\/uploads\/usu332\/2021\/11\/DSC03838-1024x768.jpg\" alt=\"\" width=\"284\" height=\"213\" srcset=\"https:\/\/agora.xtec.cat\/escolapacocandel\/wp-content\/uploads\/usu332\/2021\/11\/DSC03838-1024x768.jpg 1024w, https:\/\/agora.xtec.cat\/escolapacocandel\/wp-content\/uploads\/usu332\/2021\/11\/DSC03838-300x225.jpg 300w, https:\/\/agora.xtec.cat\/escolapacocandel\/wp-content\/uploads\/usu332\/2021\/11\/DSC03838-768x576.jpg 768w, https:\/\/agora.xtec.cat\/escolapacocandel\/wp-content\/uploads\/usu332\/2021\/11\/DSC03838-1536x1152.jpg 1536w, https:\/\/agora.xtec.cat\/escolapacocandel\/wp-content\/uploads\/usu332\/2021\/11\/DSC03838-2048x1536.jpg 2048w, https:\/\/agora.xtec.cat\/escolapacocandel\/wp-content\/uploads\/usu332\/2021\/11\/DSC03838-200x150.jpg 200w\" sizes=\"auto, (max-width: 284px) 100vw, 284px\" \/><\/a><\/p>\n<p>Al cicle Inicial han estat protagonistes d\u2019una din\u00e0mica sobre els poders dels i les superherois i superhero\u00efnes tan populars a la nostra societat: Superman, Catwoman,&#8230; remarcant la seva fortalesa, valentia,&#8230; Per\u00f2, s\u00f3n aquestes les qualitats que busquem en les nostres amistats? Conjuntament han reflexionat i valorat que preferim envoltar-nos de persones amb uns \u201csuperpoders\u201d ben diferents: amabilitat, simpatia, diversi\u00f3, que em cuidi,&#8230; i \u00e9s que tenim clar que ens agrada sentir-nos i fer sentir el BENESTAR!<\/p>\n<p><a href=\"https:\/\/agora.xtec.cat\/escolapacocandel\/wp-content\/uploads\/usu332\/2021\/11\/91e5170c-d38e-4e5e-8b45-8633769c41b7.jpg\"><img loading=\"lazy\" decoding=\"async\" class=\"alignnone wp-image-5299\" src=\"https:\/\/agora.xtec.cat\/escolapacocandel\/wp-content\/uploads\/usu332\/2021\/11\/91e5170c-d38e-4e5e-8b45-8633769c41b7-1024x768.jpg\" alt=\"\" width=\"306\" height=\"229\" srcset=\"https:\/\/agora.xtec.cat\/escolapacocandel\/wp-content\/uploads\/usu332\/2021\/11\/91e5170c-d38e-4e5e-8b45-8633769c41b7-1024x768.jpg 1024w, https:\/\/agora.xtec.cat\/escolapacocandel\/wp-content\/uploads\/usu332\/2021\/11\/91e5170c-d38e-4e5e-8b45-8633769c41b7-300x225.jpg 300w, https:\/\/agora.xtec.cat\/escolapacocandel\/wp-content\/uploads\/usu332\/2021\/11\/91e5170c-d38e-4e5e-8b45-8633769c41b7-768x576.jpg 768w, https:\/\/agora.xtec.cat\/escolapacocandel\/wp-content\/uploads\/usu332\/2021\/11\/91e5170c-d38e-4e5e-8b45-8633769c41b7-1536x1152.jpg 1536w, https:\/\/agora.xtec.cat\/escolapacocandel\/wp-content\/uploads\/usu332\/2021\/11\/91e5170c-d38e-4e5e-8b45-8633769c41b7-200x150.jpg 200w, https:\/\/agora.xtec.cat\/escolapacocandel\/wp-content\/uploads\/usu332\/2021\/11\/91e5170c-d38e-4e5e-8b45-8633769c41b7.jpg 1600w\" sizes=\"auto, (max-width: 306px) 100vw, 306px\" \/><\/a><a href=\"https:\/\/agora.xtec.cat\/escolapacocandel\/wp-content\/uploads\/usu332\/2021\/11\/780513ff-3953-4109-85a4-c41b2b915388.jpg\">\u00a0\u00a0<img loading=\"lazy\" decoding=\"async\" class=\"alignnone wp-image-5300\" src=\"https:\/\/agora.xtec.cat\/escolapacocandel\/wp-content\/uploads\/usu332\/2021\/11\/780513ff-3953-4109-85a4-c41b2b915388-1024x768.jpg\" alt=\"\" width=\"307\" height=\"230\" srcset=\"https:\/\/agora.xtec.cat\/escolapacocandel\/wp-content\/uploads\/usu332\/2021\/11\/780513ff-3953-4109-85a4-c41b2b915388-1024x768.jpg 1024w, https:\/\/agora.xtec.cat\/escolapacocandel\/wp-content\/uploads\/usu332\/2021\/11\/780513ff-3953-4109-85a4-c41b2b915388-300x225.jpg 300w, https:\/\/agora.xtec.cat\/escolapacocandel\/wp-content\/uploads\/usu332\/2021\/11\/780513ff-3953-4109-85a4-c41b2b915388-768x576.jpg 768w, https:\/\/agora.xtec.cat\/escolapacocandel\/wp-content\/uploads\/usu332\/2021\/11\/780513ff-3953-4109-85a4-c41b2b915388-1536x1152.jpg 1536w, https:\/\/agora.xtec.cat\/escolapacocandel\/wp-content\/uploads\/usu332\/2021\/11\/780513ff-3953-4109-85a4-c41b2b915388-200x150.jpg 200w, https:\/\/agora.xtec.cat\/escolapacocandel\/wp-content\/uploads\/usu332\/2021\/11\/780513ff-3953-4109-85a4-c41b2b915388.jpg 1600w\" sizes=\"auto, (max-width: 307px) 100vw, 307px\" \/>\u00a0 \u00a0<\/a><a href=\"https:\/\/agora.xtec.cat\/escolapacocandel\/wp-content\/uploads\/usu332\/2021\/11\/d9efd6a9-8245-44e9-ba58-809b9d70b3a7.jpg\"><img loading=\"lazy\" decoding=\"async\" class=\"alignnone wp-image-5313\" src=\"https:\/\/agora.xtec.cat\/escolapacocandel\/wp-content\/uploads\/usu332\/2021\/11\/d9efd6a9-8245-44e9-ba58-809b9d70b3a7.jpg\" alt=\"\" width=\"307\" height=\"230\" srcset=\"https:\/\/agora.xtec.cat\/escolapacocandel\/wp-content\/uploads\/usu332\/2021\/11\/d9efd6a9-8245-44e9-ba58-809b9d70b3a7.jpg 1024w, https:\/\/agora.xtec.cat\/escolapacocandel\/wp-content\/uploads\/usu332\/2021\/11\/d9efd6a9-8245-44e9-ba58-809b9d70b3a7-300x225.jpg 300w, https:\/\/agora.xtec.cat\/escolapacocandel\/wp-content\/uploads\/usu332\/2021\/11\/d9efd6a9-8245-44e9-ba58-809b9d70b3a7-768x576.jpg 768w, https:\/\/agora.xtec.cat\/escolapacocandel\/wp-content\/uploads\/usu332\/2021\/11\/d9efd6a9-8245-44e9-ba58-809b9d70b3a7-200x150.jpg 200w\" sizes=\"auto, (max-width: 307px) 100vw, 307px\" \/><\/a><\/p>\n<p>Els cursos de cicle mitj\u00e0 i superior han reflexionat al voltant de les mostres d\u2019afecte i l\u2019estigmatitzaci\u00f3 de la masculinitat i les cures. A trav\u00e9s d\u2019una din\u00e0mica grupal hem tingut l\u2019oportunitat de donar i rebre 3 abra\u00e7ades: d\u2019una persona del mateix g\u00e8nere, d\u2019una persona del g\u00e8nere contrari i d\u2019una persona amb la que em sento a gust. I sabeu qu\u00e8? No \u00e9s tan f\u00e0cil abra\u00e7ar i deixar-se abra\u00e7ar durant una estona llarga, oi? A vegades no ens ve de gust, sovint creiem que qui s\u2019abra\u00e7a \u00e9s perqu\u00e8 s\u00f3n \u201cparella\u201d, sentim vergonya i inseguretat pel qu\u00e8 pensaran,&#8230;<\/p>\n<p><a href=\"https:\/\/agora.xtec.cat\/escolapacocandel\/wp-content\/uploads\/usu332\/2021\/11\/dcfe2b7c-acb6-44a2-8884-29bb57d95394.jpg\"><img loading=\"lazy\" decoding=\"async\" class=\"alignnone wp-image-5302\" src=\"https:\/\/agora.xtec.cat\/escolapacocandel\/wp-content\/uploads\/usu332\/2021\/11\/dcfe2b7c-acb6-44a2-8884-29bb57d95394-1024x768.jpg\" alt=\"\" width=\"391\" height=\"293\" srcset=\"https:\/\/agora.xtec.cat\/escolapacocandel\/wp-content\/uploads\/usu332\/2021\/11\/dcfe2b7c-acb6-44a2-8884-29bb57d95394-1024x768.jpg 1024w, https:\/\/agora.xtec.cat\/escolapacocandel\/wp-content\/uploads\/usu332\/2021\/11\/dcfe2b7c-acb6-44a2-8884-29bb57d95394-300x225.jpg 300w, https:\/\/agora.xtec.cat\/escolapacocandel\/wp-content\/uploads\/usu332\/2021\/11\/dcfe2b7c-acb6-44a2-8884-29bb57d95394-768x576.jpg 768w, https:\/\/agora.xtec.cat\/escolapacocandel\/wp-content\/uploads\/usu332\/2021\/11\/dcfe2b7c-acb6-44a2-8884-29bb57d95394-1536x1152.jpg 1536w, https:\/\/agora.xtec.cat\/escolapacocandel\/wp-content\/uploads\/usu332\/2021\/11\/dcfe2b7c-acb6-44a2-8884-29bb57d95394-200x150.jpg 200w, https:\/\/agora.xtec.cat\/escolapacocandel\/wp-content\/uploads\/usu332\/2021\/11\/dcfe2b7c-acb6-44a2-8884-29bb57d95394.jpg 2048w\" sizes=\"auto, (max-width: 391px) 100vw, 391px\" \/><\/a> <a href=\"https:\/\/agora.xtec.cat\/escolapacocandel\/wp-content\/uploads\/usu332\/2021\/11\/fb594a43-1bef-4dd1-b4f2-a0664b275490.jpg\"><img loading=\"lazy\" decoding=\"async\" class=\"alignnone wp-image-5304\" src=\"https:\/\/agora.xtec.cat\/escolapacocandel\/wp-content\/uploads\/usu332\/2021\/11\/fb594a43-1bef-4dd1-b4f2-a0664b275490-1024x576.jpg\" alt=\"\" width=\"521\" height=\"293\" srcset=\"https:\/\/agora.xtec.cat\/escolapacocandel\/wp-content\/uploads\/usu332\/2021\/11\/fb594a43-1bef-4dd1-b4f2-a0664b275490-1024x576.jpg 1024w, https:\/\/agora.xtec.cat\/escolapacocandel\/wp-content\/uploads\/usu332\/2021\/11\/fb594a43-1bef-4dd1-b4f2-a0664b275490-300x169.jpg 300w, https:\/\/agora.xtec.cat\/escolapacocandel\/wp-content\/uploads\/usu332\/2021\/11\/fb594a43-1bef-4dd1-b4f2-a0664b275490-768x432.jpg 768w, https:\/\/agora.xtec.cat\/escolapacocandel\/wp-content\/uploads\/usu332\/2021\/11\/fb594a43-1bef-4dd1-b4f2-a0664b275490-1536x864.jpg 1536w, https:\/\/agora.xtec.cat\/escolapacocandel\/wp-content\/uploads\/usu332\/2021\/11\/fb594a43-1bef-4dd1-b4f2-a0664b275490.jpg 2016w\" sizes=\"auto, (max-width: 521px) 100vw, 521px\" \/><\/a><\/p>\n<p><a style=\"color: #2795b6;\" href=\"https:\/\/agora.xtec.cat\/escolapacocandel\/wp-content\/uploads\/usu332\/2021\/11\/4e48dc97-74f9-4292-9b13-e517f8ef49ec.jpg\"><img loading=\"lazy\" decoding=\"async\" class=\"wp-image-5296 alignnone\" src=\"https:\/\/agora.xtec.cat\/escolapacocandel\/wp-content\/uploads\/usu332\/2021\/11\/4e48dc97-74f9-4292-9b13-e517f8ef49ec-576x1024.jpg\" alt=\"\" width=\"308\" height=\"547\" srcset=\"https:\/\/agora.xtec.cat\/escolapacocandel\/wp-content\/uploads\/usu332\/2021\/11\/4e48dc97-74f9-4292-9b13-e517f8ef49ec-576x1024.jpg 576w, https:\/\/agora.xtec.cat\/escolapacocandel\/wp-content\/uploads\/usu332\/2021\/11\/4e48dc97-74f9-4292-9b13-e517f8ef49ec-169x300.jpg 169w, https:\/\/agora.xtec.cat\/escolapacocandel\/wp-content\/uploads\/usu332\/2021\/11\/4e48dc97-74f9-4292-9b13-e517f8ef49ec-768x1365.jpg 768w, https:\/\/agora.xtec.cat\/escolapacocandel\/wp-content\/uploads\/usu332\/2021\/11\/4e48dc97-74f9-4292-9b13-e517f8ef49ec-864x1536.jpg 864w, https:\/\/agora.xtec.cat\/escolapacocandel\/wp-content\/uploads\/usu332\/2021\/11\/4e48dc97-74f9-4292-9b13-e517f8ef49ec.jpg 1134w\" sizes=\"auto, (max-width: 308px) 100vw, 308px\" \/><\/a><a style=\"font-family: inherit; font-size: 1em;\" href=\"https:\/\/agora.xtec.cat\/escolapacocandel\/wp-content\/uploads\/usu332\/2021\/11\/4e48dc97-74f9-4292-9b13-e517f8ef49ec.jpg\">\u00a0 \u00a0 \u00a0 \u00a0 <\/a><a href=\"https:\/\/agora.xtec.cat\/escolapacocandel\/wp-content\/uploads\/usu332\/2021\/11\/f748f7f9-f45a-4298-ba13-a770b244a3ce.jpg\"><img loading=\"lazy\" decoding=\"async\" class=\"alignnone wp-image-5303\" src=\"https:\/\/agora.xtec.cat\/escolapacocandel\/wp-content\/uploads\/usu332\/2021\/11\/f748f7f9-f45a-4298-ba13-a770b244a3ce-768x1024.jpg\" alt=\"\" width=\"346\" height=\"462\" srcset=\"https:\/\/agora.xtec.cat\/escolapacocandel\/wp-content\/uploads\/usu332\/2021\/11\/f748f7f9-f45a-4298-ba13-a770b244a3ce-768x1024.jpg 768w, https:\/\/agora.xtec.cat\/escolapacocandel\/wp-content\/uploads\/usu332\/2021\/11\/f748f7f9-f45a-4298-ba13-a770b244a3ce-225x300.jpg 225w, https:\/\/agora.xtec.cat\/escolapacocandel\/wp-content\/uploads\/usu332\/2021\/11\/f748f7f9-f45a-4298-ba13-a770b244a3ce-1152x1536.jpg 1152w, https:\/\/agora.xtec.cat\/escolapacocandel\/wp-content\/uploads\/usu332\/2021\/11\/f748f7f9-f45a-4298-ba13-a770b244a3ce.jpg 1536w\" sizes=\"auto, (max-width: 346px) 100vw, 346px\" \/><\/a><\/p>\n<p>&nbsp;<\/p>\n<p>Finalment, l\u2019alumnat m\u00e9s gran del centre, ha complimentat l\u2019activitat amb la visualitzaci\u00f3 d\u2019un v\u00eddeo (\u201cEl \u00e1rbol de la viol\u00e8ncia\u201d) i ajuntant-se en petits grups han intentat canviar els comportaments que ens duen a la viol\u00e8ncia de g\u00e8nere: micromasclismes, control, falta de respecte,&#8230; per actituds positives que ens condueixin a la igualtat i la conviv\u00e8ncia.<\/p>\n<p><a href=\"https:\/\/agora.xtec.cat\/escolapacocandel\/wp-content\/uploads\/usu332\/2021\/11\/5eaef90e-3604-49d2-9fe4-a84120e91dca.jpg\"><img loading=\"lazy\" decoding=\"async\" class=\"alignnone wp-image-5297\" src=\"https:\/\/agora.xtec.cat\/escolapacocandel\/wp-content\/uploads\/usu332\/2021\/11\/5eaef90e-3604-49d2-9fe4-a84120e91dca-1024x576.jpg\" alt=\"\" width=\"617\" height=\"347\" srcset=\"https:\/\/agora.xtec.cat\/escolapacocandel\/wp-content\/uploads\/usu332\/2021\/11\/5eaef90e-3604-49d2-9fe4-a84120e91dca-1024x576.jpg 1024w, https:\/\/agora.xtec.cat\/escolapacocandel\/wp-content\/uploads\/usu332\/2021\/11\/5eaef90e-3604-49d2-9fe4-a84120e91dca-300x169.jpg 300w, https:\/\/agora.xtec.cat\/escolapacocandel\/wp-content\/uploads\/usu332\/2021\/11\/5eaef90e-3604-49d2-9fe4-a84120e91dca-768x432.jpg 768w, https:\/\/agora.xtec.cat\/escolapacocandel\/wp-content\/uploads\/usu332\/2021\/11\/5eaef90e-3604-49d2-9fe4-a84120e91dca-1536x864.jpg 1536w, https:\/\/agora.xtec.cat\/escolapacocandel\/wp-content\/uploads\/usu332\/2021\/11\/5eaef90e-3604-49d2-9fe4-a84120e91dca.jpg 2016w\" sizes=\"auto, (max-width: 617px) 100vw, 617px\" \/>\u00a0 \u00a0 \u00a0 \u00a0 \u00a0 \u00a0<\/a><a href=\"https:\/\/agora.xtec.cat\/escolapacocandel\/wp-content\/uploads\/usu332\/2021\/11\/da79623e-b471-471a-958f-dca4bbeb1ead-1.jpg\"><img loading=\"lazy\" decoding=\"async\" class=\"alignnone wp-image-5310\" src=\"https:\/\/agora.xtec.cat\/escolapacocandel\/wp-content\/uploads\/usu332\/2021\/11\/da79623e-b471-471a-958f-dca4bbeb1ead-1-1024x576.jpg\" alt=\"\" width=\"617\" height=\"347\" srcset=\"https:\/\/agora.xtec.cat\/escolapacocandel\/wp-content\/uploads\/usu332\/2021\/11\/da79623e-b471-471a-958f-dca4bbeb1ead-1-1024x576.jpg 1024w, https:\/\/agora.xtec.cat\/escolapacocandel\/wp-content\/uploads\/usu332\/2021\/11\/da79623e-b471-471a-958f-dca4bbeb1ead-1-300x169.jpg 300w, https:\/\/agora.xtec.cat\/escolapacocandel\/wp-content\/uploads\/usu332\/2021\/11\/da79623e-b471-471a-958f-dca4bbeb1ead-1-768x432.jpg 768w, https:\/\/agora.xtec.cat\/escolapacocandel\/wp-content\/uploads\/usu332\/2021\/11\/da79623e-b471-471a-958f-dca4bbeb1ead-1-1536x864.jpg 1536w, https:\/\/agora.xtec.cat\/escolapacocandel\/wp-content\/uploads\/usu332\/2021\/11\/da79623e-b471-471a-958f-dca4bbeb1ead-1.jpg 2016w\" sizes=\"auto, (max-width: 617px) 100vw, 617px\" \/><\/a><\/p>\n<p>&nbsp;<\/p>\n<p>I tot i que aix\u00f2 ha estat el treball d\u2019un dia puntual on se celebra el Dia Internacional de l\u2019eliminaci\u00f3 de la viol\u00e8ncia envers les dones, a l\u2019escola seguirem treballant dia a dia perqu\u00e8 creiem que s\u00f3n la generaci\u00f3 del futur i tenen un paper molt important en el canvi!<\/p>\n<p>&nbsp;<\/p>\n<p style=\"text-align: right;\"><em>\u201cDebemos decirles a nuestras j\u00f3venes que sus voces son importantes\u201d.<\/em><\/p>\n<p style=\"text-align: right;\">Malala Yousafzai<\/p>\n","protected":false},"excerpt":{"rendered":"<p>Dia internacional per a l\u2019eliminaci\u00f3 de la viol\u00e8ncia envers les dones 2021<br \/>\nAl llarg d\u2019aquesta setmana a totes les aules de l\u2019Escola Paco Candel hem anat trobant una estona que s\u2019ha destinat a realitzar una activitat entorn en 25 de novembre: dia internacional per a l\u2019eliminaci\u00f3&hellip;  <a href=\"https:\/\/agora.xtec.cat\/escolapacocandel\/portada\/25n-dia-internacional-per-a-leliminacio-de-la-violencia-envers-les-dones\/\" title=\"Read 25N: Dia internacional per a l\u2019eliminaci\u00f3 de la viol\u00e8ncia envers les dones\">Llegeix m\u00e9s\u00bb<\/a><\/p>\n","protected":false},"author":27,"featured_media":5313,"comment_status":"open","ping_status":"closed","sticky":false,"template":"","format":"standard","meta":{"_bbp_topic_count":0,"_bbp_reply_count":0,"_bbp_total_topic_count":0,"_bbp_total_reply_count":0,"_bbp_voice_count":0,"_bbp_anonymous_reply_count":0,"_bbp_topic_count_hidden":0,"_bbp_reply_count_hidden":0,"_bbp_forum_subforum_count":0,"footnotes":""},"categories":[129,127,128,4],"tags":[104,102,103],"class_list":["post-5295","post","type-post","status-publish","format-standard","has-post-thumbnail","hentry","category-comunitat-de-grans","category-comunitat-de-mitjans","category-comunitat-de-petits","category-portada","tag-25n","tag-coeducacio","tag-stopviolenciescontralesdones"],"post_mailing_queue_ids":[],"_links":{"self":[{"href":"https:\/\/agora.xtec.cat\/escolapacocandel\/wp-json\/wp\/v2\/posts\/5295","targetHints":{"allow":["GET"]}}],"collection":[{"href":"https:\/\/agora.xtec.cat\/escolapacocandel\/wp-json\/wp\/v2\/posts"}],"about":[{"href":"https:\/\/agora.xtec.cat\/escolapacocandel\/wp-json\/wp\/v2\/types\/post"}],"author":[{"embeddable":true,"href":"https:\/\/agora.xtec.cat\/escolapacocandel\/wp-json\/wp\/v2\/users\/27"}],"replies":[{"embeddable":true,"href":"https:\/\/agora.xtec.cat\/escolapacocandel\/wp-json\/wp\/v2\/comments?post=5295"}],"version-history":[{"count":2,"href":"https:\/\/agora.xtec.cat\/escolapacocandel\/wp-json\/wp\/v2\/posts\/5295\/revisions"}],"predecessor-version":[{"id":5407,"href":"https:\/\/agora.xtec.cat\/escolapacocandel\/wp-json\/wp\/v2\/posts\/5295\/revisions\/5407"}],"wp:featuredmedia":[{"embeddable":true,"href":"https:\/\/agora.xtec.cat\/escolapacocandel\/wp-json\/wp\/v2\/media\/5313"}],"wp:attachment":[{"href":"https:\/\/agora.xtec.cat\/escolapacocandel\/wp-json\/wp\/v2\/media?parent=5295"}],"wp:term":[{"taxonomy":"category","embeddable":true,"href":"https:\/\/agora.xtec.cat\/escolapacocandel\/wp-json\/wp\/v2\/categories?post=5295"},{"taxonomy":"post_tag","embeddable":true,"href":"https:\/\/agora.xtec.cat\/escolapacocandel\/wp-json\/wp\/v2\/tags?post=5295"}],"curies":[{"name":"wp","href":"https:\/\/api.w.org\/{rel}","templated":true}]}}