{"id":5236,"date":"2021-11-30T16:03:01","date_gmt":"2021-11-30T15:03:01","guid":{"rendered":"https:\/\/agora.xtec.cat\/escolapacocandel\/?p=5236"},"modified":"2024-01-31T18:22:48","modified_gmt":"2024-01-31T17:22:48","slug":"taller-democions","status":"publish","type":"post","link":"https:\/\/agora.xtec.cat\/escolapacocandel\/comunitat-de-mitjans\/taller-democions\/","title":{"rendered":"Taller d&#8217;emocions"},"content":{"rendered":"<p><img loading=\"lazy\" decoding=\"async\" class=\"wp-image-5285 alignright\" src=\"https:\/\/agora.xtec.cat\/escolapacocandel\/wp-content\/uploads\/usu332\/2021\/11\/20211123_101843-1-1024x768.jpg\" alt=\"\" width=\"318\" height=\"238\" srcset=\"https:\/\/agora.xtec.cat\/escolapacocandel\/wp-content\/uploads\/usu332\/2021\/11\/20211123_101843-1-1024x768.jpg 1024w, https:\/\/agora.xtec.cat\/escolapacocandel\/wp-content\/uploads\/usu332\/2021\/11\/20211123_101843-1-300x225.jpg 300w, https:\/\/agora.xtec.cat\/escolapacocandel\/wp-content\/uploads\/usu332\/2021\/11\/20211123_101843-1-768x576.jpg 768w, https:\/\/agora.xtec.cat\/escolapacocandel\/wp-content\/uploads\/usu332\/2021\/11\/20211123_101843-1-1536x1152.jpg 1536w, https:\/\/agora.xtec.cat\/escolapacocandel\/wp-content\/uploads\/usu332\/2021\/11\/20211123_101843-1-2048x1536.jpg 2048w, https:\/\/agora.xtec.cat\/escolapacocandel\/wp-content\/uploads\/usu332\/2021\/11\/20211123_101843-1-200x150.jpg 200w\" sizes=\"auto, (max-width: 318px) 100vw, 318px\" \/>Hem fet un taller SEER amb l&#8217;Olga on hem treballat l&#8217;<strong>emoci\u00f3 de la r\u00e0bia<\/strong> i com transformar-la. El fil conductor ha sigut el\u00a0conte <em>La cua de drac<\/em> on el protagonista s&#8217;enfada quan alguna cosa no li agrada, apareix la r\u00e0bia i destrossa les seves joguines. El conte explica el proc\u00e9s que segueix el protagonista per arreglar les destrosses i trobar la calma. Hem parlat de l&#8217;emoci\u00f3, de quines coses o accions fan apar\u00e8ixer la r\u00e0bia i com ho faig per transformar-la en <strong>emocions del benestar<\/strong>. Hem acabat en la calma fent-nos uns massatges.<\/p>\n<p>&nbsp;<\/p>\n","protected":false},"excerpt":{"rendered":"<p>Hem fet un taller SEER amb l&#8217;Olga on hem treballat l&#8217;emoci\u00f3 de la r\u00e0bia i com transformar-la. El fil conductor ha sigut el\u00a0conte La cua de drac on el protagonista s&#8217;enfada quan alguna cosa no li agrada, apareix la r\u00e0bia i destrossa les seves joguines.&hellip;  <a href=\"https:\/\/agora.xtec.cat\/escolapacocandel\/comunitat-de-mitjans\/taller-democions\/\" title=\"Read Taller d&#8217;emocions\">Llegeix m\u00e9s\u00bb<\/a><\/p>\n","protected":false},"author":1,"featured_media":5285,"comment_status":"open","ping_status":"closed","sticky":false,"template":"","format":"standard","meta":{"_bbp_topic_count":0,"_bbp_reply_count":0,"_bbp_total_topic_count":0,"_bbp_total_reply_count":0,"_bbp_voice_count":0,"_bbp_anonymous_reply_count":0,"_bbp_topic_count_hidden":0,"_bbp_reply_count_hidden":0,"_bbp_forum_subforum_count":0,"footnotes":""},"categories":[127,140],"tags":[98,97,89],"class_list":["post-5236","post","type-post","status-publish","format-standard","has-post-thumbnail","hentry","category-comunitat-de-mitjans","category-1r","tag-emocions","tag-seer","tag-tallers"],"post_mailing_queue_ids":[],"_links":{"self":[{"href":"https:\/\/agora.xtec.cat\/escolapacocandel\/wp-json\/wp\/v2\/posts\/5236","targetHints":{"allow":["GET"]}}],"collection":[{"href":"https:\/\/agora.xtec.cat\/escolapacocandel\/wp-json\/wp\/v2\/posts"}],"about":[{"href":"https:\/\/agora.xtec.cat\/escolapacocandel\/wp-json\/wp\/v2\/types\/post"}],"author":[{"embeddable":true,"href":"https:\/\/agora.xtec.cat\/escolapacocandel\/wp-json\/wp\/v2\/users\/1"}],"replies":[{"embeddable":true,"href":"https:\/\/agora.xtec.cat\/escolapacocandel\/wp-json\/wp\/v2\/comments?post=5236"}],"version-history":[{"count":2,"href":"https:\/\/agora.xtec.cat\/escolapacocandel\/wp-json\/wp\/v2\/posts\/5236\/revisions"}],"predecessor-version":[{"id":5286,"href":"https:\/\/agora.xtec.cat\/escolapacocandel\/wp-json\/wp\/v2\/posts\/5236\/revisions\/5286"}],"wp:featuredmedia":[{"embeddable":true,"href":"https:\/\/agora.xtec.cat\/escolapacocandel\/wp-json\/wp\/v2\/media\/5285"}],"wp:attachment":[{"href":"https:\/\/agora.xtec.cat\/escolapacocandel\/wp-json\/wp\/v2\/media?parent=5236"}],"wp:term":[{"taxonomy":"category","embeddable":true,"href":"https:\/\/agora.xtec.cat\/escolapacocandel\/wp-json\/wp\/v2\/categories?post=5236"},{"taxonomy":"post_tag","embeddable":true,"href":"https:\/\/agora.xtec.cat\/escolapacocandel\/wp-json\/wp\/v2\/tags?post=5236"}],"curies":[{"name":"wp","href":"https:\/\/api.w.org\/{rel}","templated":true}]}}