{"id":5134,"date":"2021-11-18T13:33:43","date_gmt":"2021-11-18T12:33:43","guid":{"rendered":"https:\/\/agora.xtec.cat\/escolapacocandel\/?p=5134"},"modified":"2024-01-31T18:51:04","modified_gmt":"2024-01-31T17:51:04","slug":"comencem-robotica","status":"publish","type":"post","link":"https:\/\/agora.xtec.cat\/escolapacocandel\/comunitat-de-mitjans\/comencem-robotica\/","title":{"rendered":"Comencem rob\u00f2tica!"},"content":{"rendered":"<p style=\"text-align: justify;\">Aquest curs hem pogut reprendre l&#8217;<strong>ambient de rob\u00f2tica<\/strong>! Per poder-ho du a la pr\u00e0ctica ho fem a partir de diverses propostes d\u2019activitats i experiments, cadascun d\u2019ells motivant i divertit. A p<img loading=\"lazy\" decoding=\"async\" class=\"wp-image-5136 alignright\" src=\"https:\/\/agora.xtec.cat\/escolapacocandel\/wp-content\/uploads\/usu332\/2021\/11\/1637237381323-1024x769.jpg\" alt=\"\" width=\"278\" height=\"209\" srcset=\"https:\/\/agora.xtec.cat\/escolapacocandel\/wp-content\/uploads\/usu332\/2021\/11\/1637237381323-1024x769.jpg 1024w, https:\/\/agora.xtec.cat\/escolapacocandel\/wp-content\/uploads\/usu332\/2021\/11\/1637237381323-300x225.jpg 300w, https:\/\/agora.xtec.cat\/escolapacocandel\/wp-content\/uploads\/usu332\/2021\/11\/1637237381323-768x577.jpg 768w, https:\/\/agora.xtec.cat\/escolapacocandel\/wp-content\/uploads\/usu332\/2021\/11\/1637237381323-1536x1153.jpg 1536w, https:\/\/agora.xtec.cat\/escolapacocandel\/wp-content\/uploads\/usu332\/2021\/11\/1637237381323-2048x1538.jpg 2048w, https:\/\/agora.xtec.cat\/escolapacocandel\/wp-content\/uploads\/usu332\/2021\/11\/1637237381323-200x150.jpg 200w\" sizes=\"auto, (max-width: 278px) 100vw, 278px\" \/>artir de la construcci\u00f3 de diferents m\u00e0quines simples els alumnes treballen de manera aut\u00f2noma i en equip, observen, descriuen i resolen els problemes qu<img loading=\"lazy\" decoding=\"async\" class=\"wp-image-5137 alignleft\" src=\"https:\/\/agora.xtec.cat\/escolapacocandel\/wp-content\/uploads\/usu332\/2021\/11\/1637237485749-769x1024.jpg\" alt=\"\" width=\"242\" height=\"322\" srcset=\"https:\/\/agora.xtec.cat\/escolapacocandel\/wp-content\/uploads\/usu332\/2021\/11\/1637237485749-769x1024.jpg 769w, https:\/\/agora.xtec.cat\/escolapacocandel\/wp-content\/uploads\/usu332\/2021\/11\/1637237485749-225x300.jpg 225w, https:\/\/agora.xtec.cat\/escolapacocandel\/wp-content\/uploads\/usu332\/2021\/11\/1637237485749-768x1023.jpg 768w, https:\/\/agora.xtec.cat\/escolapacocandel\/wp-content\/uploads\/usu332\/2021\/11\/1637237485749-1153x1536.jpg 1153w, https:\/\/agora.xtec.cat\/escolapacocandel\/wp-content\/uploads\/usu332\/2021\/11\/1637237485749-1538x2048.jpg 1538w, https:\/\/agora.xtec.cat\/escolapacocandel\/wp-content\/uploads\/usu332\/2021\/11\/1637237485749-scaled.jpg 1922w\" sizes=\"auto, (max-width: 242px) 100vw, 242px\" \/>e se\u2019ls van plantejant durant el proc\u00e9s de construcci\u00f3 de la m\u00e0quina. Des de la rob\u00f2tica volem <strong>fomentar l\u2019ensenyament de la programaci\u00f3 com a llenguatge transversal per entendre i relacionar-se amb la tecnologia i per desenvolupar un pensament cr\u00edtic i creatiu<\/strong> dels nostres alumnes.<\/p>\n<p>&nbsp;<\/p>\n","protected":false},"excerpt":{"rendered":"<p>Aquest curs hem pogut reprendre l&#8217;ambient de rob\u00f2tica! Per poder-ho du a la pr\u00e0ctica ho fem a partir de diverses propostes d\u2019activitats i experiments, cadascun d\u2019ells motivant i divertit. A partir de la construcci\u00f3 de diferents m\u00e0quines simples els alumnes treballen de manera aut\u00f2noma i&hellip;  <a href=\"https:\/\/agora.xtec.cat\/escolapacocandel\/comunitat-de-mitjans\/comencem-robotica\/\" title=\"Read Comencem rob\u00f2tica!\">Llegeix m\u00e9s\u00bb<\/a><\/p>\n","protected":false},"author":1,"featured_media":5135,"comment_status":"open","ping_status":"closed","sticky":false,"template":"","format":"standard","meta":{"_bbp_topic_count":0,"_bbp_reply_count":0,"_bbp_total_topic_count":0,"_bbp_total_reply_count":0,"_bbp_voice_count":0,"_bbp_anonymous_reply_count":0,"_bbp_topic_count_hidden":0,"_bbp_reply_count_hidden":0,"_bbp_forum_subforum_count":0,"footnotes":""},"categories":[129,127,143,141],"tags":[],"class_list":["post-5134","post","type-post","status-publish","format-standard","has-post-thumbnail","hentry","category-comunitat-de-grans","category-comunitat-de-mitjans","category-4t","category-3r"],"post_mailing_queue_ids":[],"_links":{"self":[{"href":"https:\/\/agora.xtec.cat\/escolapacocandel\/wp-json\/wp\/v2\/posts\/5134","targetHints":{"allow":["GET"]}}],"collection":[{"href":"https:\/\/agora.xtec.cat\/escolapacocandel\/wp-json\/wp\/v2\/posts"}],"about":[{"href":"https:\/\/agora.xtec.cat\/escolapacocandel\/wp-json\/wp\/v2\/types\/post"}],"author":[{"embeddable":true,"href":"https:\/\/agora.xtec.cat\/escolapacocandel\/wp-json\/wp\/v2\/users\/1"}],"replies":[{"embeddable":true,"href":"https:\/\/agora.xtec.cat\/escolapacocandel\/wp-json\/wp\/v2\/comments?post=5134"}],"version-history":[{"count":3,"href":"https:\/\/agora.xtec.cat\/escolapacocandel\/wp-json\/wp\/v2\/posts\/5134\/revisions"}],"predecessor-version":[{"id":5198,"href":"https:\/\/agora.xtec.cat\/escolapacocandel\/wp-json\/wp\/v2\/posts\/5134\/revisions\/5198"}],"wp:featuredmedia":[{"embeddable":true,"href":"https:\/\/agora.xtec.cat\/escolapacocandel\/wp-json\/wp\/v2\/media\/5135"}],"wp:attachment":[{"href":"https:\/\/agora.xtec.cat\/escolapacocandel\/wp-json\/wp\/v2\/media?parent=5134"}],"wp:term":[{"taxonomy":"category","embeddable":true,"href":"https:\/\/agora.xtec.cat\/escolapacocandel\/wp-json\/wp\/v2\/categories?post=5134"},{"taxonomy":"post_tag","embeddable":true,"href":"https:\/\/agora.xtec.cat\/escolapacocandel\/wp-json\/wp\/v2\/tags?post=5134"}],"curies":[{"name":"wp","href":"https:\/\/api.w.org\/{rel}","templated":true}]}}