{"id":5132,"date":"2022-02-03T13:04:35","date_gmt":"2022-02-03T12:04:35","guid":{"rendered":"https:\/\/agora.xtec.cat\/escolapacocandel\/?p=5132"},"modified":"2024-03-06T12:54:42","modified_gmt":"2024-03-06T11:54:42","slug":"el-treball-per-racons","status":"publish","type":"post","link":"https:\/\/agora.xtec.cat\/escolapacocandel\/general\/el-treball-per-racons\/","title":{"rendered":"El treball per racons"},"content":{"rendered":"<p style=\"text-align: justify;\">A l&#8217;escola Paco Candel treballem per racons, per\u00f2, que s\u00f3n exactament o com \u00e9s el seu funcionament?<\/p>\n<p style=\"text-align: justify;\">El treball per racons \u00e9s una proposta metodol\u00f2gica que proposa delimitar dins l&#8217;aula diferents espais on els alumnes puguin realitzar de manera simult\u00e0nia diferents activitats.<\/p>\n<p>Alguns dels objectius d\u2019aquesta estrat\u00e8gia organitzativa s\u00f3n els seg\u00fcents:<\/p>\n<ul>\n<li>Atendre a cada nen\/a de manera individual, respectant els seus interessos i ritme d\u2019aprenentatge.<\/li>\n<li>Afavorir l\u2019autonomia i capacitat d\u2019organitzaci\u00f3 del nen.<\/li>\n<li>Afavorir els ritmes de treball i d\u2019ordre.<\/li>\n<li>Educar a persones perqu\u00e8 tinguin criteri propi.<\/li>\n<li>Potenciar les interrelacions.<\/li>\n<\/ul>\n<p style=\"text-align: justify;\">Una manera de treballar que implica una metodologia m\u00e9s creativa, flexible i adaptada, on el rol del mestre \u00e9s guiar i dinamitzar els aprenentatges i proporcionar oportunitats perqu\u00e8 els alumnes puguin explorar tots els centres d&#8217;aprenentatge.<\/p>\n<p style=\"text-align: justify;\">A primer cicle de prim\u00e0ria comencem amb el treball per racons, endinsant-nos una mica m\u00e9s en el coneixement de la llengua catalana i les matem\u00e0tiques. En els espais de racons els alumnes es distribueixen per grups i, a trav\u00e9s del treball en equip, van elaborant tasques on han de resoldre. Les propostes solen ser molt manipulatives i competencials. A m\u00e9s, cada rac\u00f3 compta amb activitats graduals, \u00e9s a dir, hi ha tres nivells (triangle, quadrat i rodona) i, cada alumne tria el nivell m\u00e9s adient i ajustat al seu ritme d&#8217;aprenentatge.<\/p>\n<p style=\"text-align: justify;\">\n","protected":false},"excerpt":{"rendered":"<p>A l&#8217;escola Paco Candel treballem per racons, per\u00f2, que s\u00f3n exactament o com \u00e9s el seu funcionament?<br \/>\nEl treball per racons \u00e9s una proposta metodol\u00f2gica que proposa delimitar dins l&#8217;aula diferents espais on els alumnes puguin realitzar de manera simult\u00e0nia diferents activitats.<br \/>\nAlguns dels objectius d\u2019aquesta estrat\u00e8gia&hellip;  <a href=\"https:\/\/agora.xtec.cat\/escolapacocandel\/general\/el-treball-per-racons\/\" title=\"Read El treball per racons\">Llegeix m\u00e9s\u00bb<\/a><\/p>\n","protected":false},"author":1,"featured_media":0,"comment_status":"open","ping_status":"closed","sticky":false,"template":"","format":"standard","meta":{"_bbp_topic_count":0,"_bbp_reply_count":0,"_bbp_total_topic_count":0,"_bbp_total_reply_count":0,"_bbp_voice_count":0,"_bbp_anonymous_reply_count":0,"_bbp_topic_count_hidden":0,"_bbp_reply_count_hidden":0,"_bbp_forum_subforum_count":0,"footnotes":""},"categories":[1],"tags":[],"class_list":["post-5132","post","type-post","status-publish","format-standard","hentry","category-general"],"post_mailing_queue_ids":[],"_links":{"self":[{"href":"https:\/\/agora.xtec.cat\/escolapacocandel\/wp-json\/wp\/v2\/posts\/5132","targetHints":{"allow":["GET"]}}],"collection":[{"href":"https:\/\/agora.xtec.cat\/escolapacocandel\/wp-json\/wp\/v2\/posts"}],"about":[{"href":"https:\/\/agora.xtec.cat\/escolapacocandel\/wp-json\/wp\/v2\/types\/post"}],"author":[{"embeddable":true,"href":"https:\/\/agora.xtec.cat\/escolapacocandel\/wp-json\/wp\/v2\/users\/1"}],"replies":[{"embeddable":true,"href":"https:\/\/agora.xtec.cat\/escolapacocandel\/wp-json\/wp\/v2\/comments?post=5132"}],"version-history":[{"count":3,"href":"https:\/\/agora.xtec.cat\/escolapacocandel\/wp-json\/wp\/v2\/posts\/5132\/revisions"}],"predecessor-version":[{"id":9017,"href":"https:\/\/agora.xtec.cat\/escolapacocandel\/wp-json\/wp\/v2\/posts\/5132\/revisions\/9017"}],"wp:attachment":[{"href":"https:\/\/agora.xtec.cat\/escolapacocandel\/wp-json\/wp\/v2\/media?parent=5132"}],"wp:term":[{"taxonomy":"category","embeddable":true,"href":"https:\/\/agora.xtec.cat\/escolapacocandel\/wp-json\/wp\/v2\/categories?post=5132"},{"taxonomy":"post_tag","embeddable":true,"href":"https:\/\/agora.xtec.cat\/escolapacocandel\/wp-json\/wp\/v2\/tags?post=5132"}],"curies":[{"name":"wp","href":"https:\/\/api.w.org\/{rel}","templated":true}]}}