{"id":5021,"date":"2021-11-22T11:37:12","date_gmt":"2021-11-22T10:37:12","guid":{"rendered":"https:\/\/agora.xtec.cat\/escolapacocandel\/?p=5021"},"modified":"2024-01-31T18:23:32","modified_gmt":"2024-01-31T17:23:32","slug":"fem-ambients-a-cicle-inicial","status":"publish","type":"post","link":"https:\/\/agora.xtec.cat\/escolapacocandel\/portada\/fem-ambients-a-cicle-inicial\/","title":{"rendered":"Fem ambients a cicle inicial"},"content":{"rendered":"<p>A cicle inicial hem comen\u00e7at a fer ambients. De moment, donada la situaci\u00f3 COVID, no podem barrejar-nos com altres cursos per\u00f2 ens hem organitzat perqu\u00e8 cada dues setmanes cada grup faci un ambient diferent. Hem comen\u00e7at per Art, Cafet\u00f3, F\u00f2rum i Laboratori.<\/p>\n<p><strong>Ambient de Laboratori<\/strong><\/p>\n<p>L&#8217;ambient de Laboratori \u00e9s un ambient d&#8217;experimentaci\u00f3 i investigaci\u00f3. Les propostes que troben son sensorials, de recerca, que desperten la curiositat la necessitat de fer hip\u00f2tesis i assaig-error.<\/p>\n<p><img loading=\"lazy\" decoding=\"async\" class=\"wp-image-5032 alignleft\" src=\"https:\/\/agora.xtec.cat\/escolapacocandel\/wp-content\/uploads\/usu332\/2021\/11\/IMG-20211115-WA0011-1024x768.jpg\" alt=\"\" width=\"200\" height=\"150\" srcset=\"https:\/\/agora.xtec.cat\/escolapacocandel\/wp-content\/uploads\/usu332\/2021\/11\/IMG-20211115-WA0011-1024x768.jpg 1024w, https:\/\/agora.xtec.cat\/escolapacocandel\/wp-content\/uploads\/usu332\/2021\/11\/IMG-20211115-WA0011-300x225.jpg 300w, https:\/\/agora.xtec.cat\/escolapacocandel\/wp-content\/uploads\/usu332\/2021\/11\/IMG-20211115-WA0011-768x576.jpg 768w, https:\/\/agora.xtec.cat\/escolapacocandel\/wp-content\/uploads\/usu332\/2021\/11\/IMG-20211115-WA0011-1536x1152.jpg 1536w, https:\/\/agora.xtec.cat\/escolapacocandel\/wp-content\/uploads\/usu332\/2021\/11\/IMG-20211115-WA0011-200x150.jpg 200w, https:\/\/agora.xtec.cat\/escolapacocandel\/wp-content\/uploads\/usu332\/2021\/11\/IMG-20211115-WA0011.jpg 1600w\" sizes=\"auto, (max-width: 200px) 100vw, 200px\" \/><img loading=\"lazy\" decoding=\"async\" class=\"wp-image-5029 alignleft\" src=\"https:\/\/agora.xtec.cat\/escolapacocandel\/wp-content\/uploads\/usu332\/2021\/11\/IMG-20211115-WA0008-1024x768.jpg\" alt=\"\" width=\"200\" height=\"150\" srcset=\"https:\/\/agora.xtec.cat\/escolapacocandel\/wp-content\/uploads\/usu332\/2021\/11\/IMG-20211115-WA0008-1024x768.jpg 1024w, https:\/\/agora.xtec.cat\/escolapacocandel\/wp-content\/uploads\/usu332\/2021\/11\/IMG-20211115-WA0008-300x225.jpg 300w, https:\/\/agora.xtec.cat\/escolapacocandel\/wp-content\/uploads\/usu332\/2021\/11\/IMG-20211115-WA0008-768x576.jpg 768w, https:\/\/agora.xtec.cat\/escolapacocandel\/wp-content\/uploads\/usu332\/2021\/11\/IMG-20211115-WA0008-1536x1152.jpg 1536w, https:\/\/agora.xtec.cat\/escolapacocandel\/wp-content\/uploads\/usu332\/2021\/11\/IMG-20211115-WA0008-200x150.jpg 200w, https:\/\/agora.xtec.cat\/escolapacocandel\/wp-content\/uploads\/usu332\/2021\/11\/IMG-20211115-WA0008.jpg 1600w\" sizes=\"auto, (max-width: 200px) 100vw, 200px\" \/><\/p>\n<p><img loading=\"lazy\" decoding=\"async\" class=\" wp-image-5026 alignleft\" src=\"https:\/\/agora.xtec.cat\/escolapacocandel\/wp-content\/uploads\/usu332\/2021\/11\/IMG-20211115-WA0005-1024x768.jpg\" alt=\"\" width=\"195\" height=\"147\" srcset=\"https:\/\/agora.xtec.cat\/escolapacocandel\/wp-content\/uploads\/usu332\/2021\/11\/IMG-20211115-WA0005-1024x768.jpg 1024w, https:\/\/agora.xtec.cat\/escolapacocandel\/wp-content\/uploads\/usu332\/2021\/11\/IMG-20211115-WA0005-300x225.jpg 300w, https:\/\/agora.xtec.cat\/escolapacocandel\/wp-content\/uploads\/usu332\/2021\/11\/IMG-20211115-WA0005-768x576.jpg 768w, https:\/\/agora.xtec.cat\/escolapacocandel\/wp-content\/uploads\/usu332\/2021\/11\/IMG-20211115-WA0005-1536x1152.jpg 1536w, https:\/\/agora.xtec.cat\/escolapacocandel\/wp-content\/uploads\/usu332\/2021\/11\/IMG-20211115-WA0005-200x150.jpg 200w, https:\/\/agora.xtec.cat\/escolapacocandel\/wp-content\/uploads\/usu332\/2021\/11\/IMG-20211115-WA0005.jpg 1600w\" sizes=\"auto, (max-width: 195px) 100vw, 195px\" \/><\/p>\n<p>&nbsp;<\/p>\n<p>&nbsp;<\/p>\n<p>&nbsp;<\/p>\n<p>&nbsp;<\/p>\n<p><strong>Ambient d&#8217;Art<\/strong><\/p>\n<p>L&#8217;ambient d&#8217;Art, \u00e9s un ambient que permet als infants treballar i endinsar-se en el mon de l&#8217;art. D&#8217;aquesta manera podran experimentar, manipular, crear, construir les seves pr\u00f2pies creacions art\u00edstiques.<\/p>\n<p><img loading=\"lazy\" decoding=\"async\" class=\"wp-image-5161 alignleft\" src=\"https:\/\/agora.xtec.cat\/escolapacocandel\/wp-content\/uploads\/usu332\/2021\/11\/WhatsApp-Image-2021-11-15-at-13.37.35-1-768x1024.jpeg\" alt=\"\" width=\"145\" height=\"193\" srcset=\"https:\/\/agora.xtec.cat\/escolapacocandel\/wp-content\/uploads\/usu332\/2021\/11\/WhatsApp-Image-2021-11-15-at-13.37.35-1-768x1024.jpeg 768w, https:\/\/agora.xtec.cat\/escolapacocandel\/wp-content\/uploads\/usu332\/2021\/11\/WhatsApp-Image-2021-11-15-at-13.37.35-1-225x300.jpeg 225w, https:\/\/agora.xtec.cat\/escolapacocandel\/wp-content\/uploads\/usu332\/2021\/11\/WhatsApp-Image-2021-11-15-at-13.37.35-1-1152x1536.jpeg 1152w, https:\/\/agora.xtec.cat\/escolapacocandel\/wp-content\/uploads\/usu332\/2021\/11\/WhatsApp-Image-2021-11-15-at-13.37.35-1.jpeg 1200w\" sizes=\"auto, (max-width: 145px) 100vw, 145px\" \/><\/p>\n<p><img loading=\"lazy\" decoding=\"async\" class=\"wp-image-5163 alignleft\" src=\"https:\/\/agora.xtec.cat\/escolapacocandel\/wp-content\/uploads\/usu332\/2021\/11\/WhatsApp-Image-2021-11-15-at-13.34.00-768x1024.jpeg\" alt=\"\" width=\"145\" height=\"193\" srcset=\"https:\/\/agora.xtec.cat\/escolapacocandel\/wp-content\/uploads\/usu332\/2021\/11\/WhatsApp-Image-2021-11-15-at-13.34.00-768x1024.jpeg 768w, https:\/\/agora.xtec.cat\/escolapacocandel\/wp-content\/uploads\/usu332\/2021\/11\/WhatsApp-Image-2021-11-15-at-13.34.00-225x300.jpeg 225w, https:\/\/agora.xtec.cat\/escolapacocandel\/wp-content\/uploads\/usu332\/2021\/11\/WhatsApp-Image-2021-11-15-at-13.34.00-1152x1536.jpeg 1152w, https:\/\/agora.xtec.cat\/escolapacocandel\/wp-content\/uploads\/usu332\/2021\/11\/WhatsApp-Image-2021-11-15-at-13.34.00.jpeg 1200w\" sizes=\"auto, (max-width: 145px) 100vw, 145px\" \/><img loading=\"lazy\" decoding=\"async\" class=\"wp-image-5162 alignleft\" src=\"https:\/\/agora.xtec.cat\/escolapacocandel\/wp-content\/uploads\/usu332\/2021\/11\/WhatsApp-Image-2021-11-15-at-13.34.01-1024x768.jpeg\" alt=\"\" width=\"195\" height=\"146\" srcset=\"https:\/\/agora.xtec.cat\/escolapacocandel\/wp-content\/uploads\/usu332\/2021\/11\/WhatsApp-Image-2021-11-15-at-13.34.01-1024x768.jpeg 1024w, https:\/\/agora.xtec.cat\/escolapacocandel\/wp-content\/uploads\/usu332\/2021\/11\/WhatsApp-Image-2021-11-15-at-13.34.01-300x225.jpeg 300w, https:\/\/agora.xtec.cat\/escolapacocandel\/wp-content\/uploads\/usu332\/2021\/11\/WhatsApp-Image-2021-11-15-at-13.34.01-768x576.jpeg 768w, https:\/\/agora.xtec.cat\/escolapacocandel\/wp-content\/uploads\/usu332\/2021\/11\/WhatsApp-Image-2021-11-15-at-13.34.01-1536x1152.jpeg 1536w, https:\/\/agora.xtec.cat\/escolapacocandel\/wp-content\/uploads\/usu332\/2021\/11\/WhatsApp-Image-2021-11-15-at-13.34.01-200x150.jpeg 200w, https:\/\/agora.xtec.cat\/escolapacocandel\/wp-content\/uploads\/usu332\/2021\/11\/WhatsApp-Image-2021-11-15-at-13.34.01.jpeg 1600w\" sizes=\"auto, (max-width: 195px) 100vw, 195px\" \/><\/p>\n<p>&nbsp;<\/p>\n<p>&nbsp;<\/p>\n<p>&nbsp;<\/p>\n<p>&nbsp;<\/p>\n<p>&nbsp;<\/p>\n<p><strong>Ambient de Cafet\u00f3<\/strong><\/p>\n<p>L&#8217;ambient Caf3t0 \u00e9s l&#8217;ambient relacionat amb el m\u00f3n matem\u00e0tic. Les propostes que troben estan relacionades amb el comptatge, les construccions, el raonament i la l\u00f2gica.<\/p>\n<p><img loading=\"lazy\" decoding=\"async\" class=\"wp-image-5044 alignleft\" src=\"https:\/\/agora.xtec.cat\/escolapacocandel\/wp-content\/uploads\/usu332\/2021\/11\/IMG-20211115-WA0014-768x1024.jpg\" alt=\"\" width=\"147\" height=\"196\" srcset=\"https:\/\/agora.xtec.cat\/escolapacocandel\/wp-content\/uploads\/usu332\/2021\/11\/IMG-20211115-WA0014-768x1024.jpg 768w, https:\/\/agora.xtec.cat\/escolapacocandel\/wp-content\/uploads\/usu332\/2021\/11\/IMG-20211115-WA0014-225x300.jpg 225w, https:\/\/agora.xtec.cat\/escolapacocandel\/wp-content\/uploads\/usu332\/2021\/11\/IMG-20211115-WA0014-1152x1536.jpg 1152w, https:\/\/agora.xtec.cat\/escolapacocandel\/wp-content\/uploads\/usu332\/2021\/11\/IMG-20211115-WA0014.jpg 1200w\" sizes=\"auto, (max-width: 147px) 100vw, 147px\" \/><img loading=\"lazy\" decoding=\"async\" class=\"wp-image-5052 alignleft\" src=\"https:\/\/agora.xtec.cat\/escolapacocandel\/wp-content\/uploads\/usu332\/2021\/11\/IMG-20211115-WA0028-768x1024.jpg\" alt=\"\" width=\"146\" height=\"195\" srcset=\"https:\/\/agora.xtec.cat\/escolapacocandel\/wp-content\/uploads\/usu332\/2021\/11\/IMG-20211115-WA0028-768x1024.jpg 768w, https:\/\/agora.xtec.cat\/escolapacocandel\/wp-content\/uploads\/usu332\/2021\/11\/IMG-20211115-WA0028-225x300.jpg 225w, https:\/\/agora.xtec.cat\/escolapacocandel\/wp-content\/uploads\/usu332\/2021\/11\/IMG-20211115-WA0028-1152x1536.jpg 1152w, https:\/\/agora.xtec.cat\/escolapacocandel\/wp-content\/uploads\/usu332\/2021\/11\/IMG-20211115-WA0028.jpg 1200w\" sizes=\"auto, (max-width: 146px) 100vw, 146px\" \/><img loading=\"lazy\" decoding=\"async\" class=\"wp-image-5049 alignleft\" src=\"https:\/\/agora.xtec.cat\/escolapacocandel\/wp-content\/uploads\/usu332\/2021\/11\/IMG-20211115-WA0022-768x1024.jpg\" alt=\"\" width=\"146\" height=\"195\" srcset=\"https:\/\/agora.xtec.cat\/escolapacocandel\/wp-content\/uploads\/usu332\/2021\/11\/IMG-20211115-WA0022-768x1024.jpg 768w, https:\/\/agora.xtec.cat\/escolapacocandel\/wp-content\/uploads\/usu332\/2021\/11\/IMG-20211115-WA0022-225x300.jpg 225w, https:\/\/agora.xtec.cat\/escolapacocandel\/wp-content\/uploads\/usu332\/2021\/11\/IMG-20211115-WA0022-1152x1536.jpg 1152w, https:\/\/agora.xtec.cat\/escolapacocandel\/wp-content\/uploads\/usu332\/2021\/11\/IMG-20211115-WA0022.jpg 1200w\" sizes=\"auto, (max-width: 146px) 100vw, 146px\" \/><img loading=\"lazy\" decoding=\"async\" class=\"wp-image-5050 alignleft\" src=\"https:\/\/agora.xtec.cat\/escolapacocandel\/wp-content\/uploads\/usu332\/2021\/11\/IMG-20211115-WA0023-768x1024.jpg\" alt=\"\" width=\"146\" height=\"195\" srcset=\"https:\/\/agora.xtec.cat\/escolapacocandel\/wp-content\/uploads\/usu332\/2021\/11\/IMG-20211115-WA0023-768x1024.jpg 768w, https:\/\/agora.xtec.cat\/escolapacocandel\/wp-content\/uploads\/usu332\/2021\/11\/IMG-20211115-WA0023-225x300.jpg 225w, https:\/\/agora.xtec.cat\/escolapacocandel\/wp-content\/uploads\/usu332\/2021\/11\/IMG-20211115-WA0023-1152x1536.jpg 1152w, https:\/\/agora.xtec.cat\/escolapacocandel\/wp-content\/uploads\/usu332\/2021\/11\/IMG-20211115-WA0023.jpg 1200w\" sizes=\"auto, (max-width: 146px) 100vw, 146px\" \/><\/p>\n<p>&nbsp;<\/p>\n<p>&nbsp;<\/p>\n<p>&nbsp;<\/p>\n<p>&nbsp;<\/p>\n<p>&nbsp;<\/p>\n<p><strong>Ambient de F\u00f2rum<\/strong><\/p>\n<p>L&#8217;ambient de f\u00f2rum \u00e9s l&#8217;ambient que treballa l&#8217;\u00e0mbit ling\u00fc\u00edstic, de manera que els infants jugaran amb els sons i les paraules. Podran crear les seves pr\u00f2pies hist\u00f2ries i anuncis, jugar a jocs de taula, escoltar i llegir contes i fer les seves pr\u00f2pies llibretes d&#8217;escriptors creatius.<\/p>\n<p><img loading=\"lazy\" decoding=\"async\" class=\"wp-image-5219 alignleft\" src=\"https:\/\/agora.xtec.cat\/escolapacocandel\/wp-content\/uploads\/usu332\/2021\/11\/WhatsApp-Image-2021-11-15-at-12.44.16-1-e1637578077729-1024x768.jpeg\" alt=\"\" width=\"191\" height=\"143\" srcset=\"https:\/\/agora.xtec.cat\/escolapacocandel\/wp-content\/uploads\/usu332\/2021\/11\/WhatsApp-Image-2021-11-15-at-12.44.16-1-e1637578077729-1024x768.jpeg 1024w, https:\/\/agora.xtec.cat\/escolapacocandel\/wp-content\/uploads\/usu332\/2021\/11\/WhatsApp-Image-2021-11-15-at-12.44.16-1-e1637578077729-300x225.jpeg 300w, https:\/\/agora.xtec.cat\/escolapacocandel\/wp-content\/uploads\/usu332\/2021\/11\/WhatsApp-Image-2021-11-15-at-12.44.16-1-e1637578077729-768x576.jpeg 768w, https:\/\/agora.xtec.cat\/escolapacocandel\/wp-content\/uploads\/usu332\/2021\/11\/WhatsApp-Image-2021-11-15-at-12.44.16-1-e1637578077729-1536x1152.jpeg 1536w, https:\/\/agora.xtec.cat\/escolapacocandel\/wp-content\/uploads\/usu332\/2021\/11\/WhatsApp-Image-2021-11-15-at-12.44.16-1-e1637578077729-200x150.jpeg 200w, https:\/\/agora.xtec.cat\/escolapacocandel\/wp-content\/uploads\/usu332\/2021\/11\/WhatsApp-Image-2021-11-15-at-12.44.16-1-e1637578077729.jpeg 1600w\" sizes=\"auto, (max-width: 191px) 100vw, 191px\" \/><\/p>\n<p><img loading=\"lazy\" decoding=\"async\" class=\"wp-image-5031 alignleft\" src=\"https:\/\/agora.xtec.cat\/escolapacocandel\/wp-content\/uploads\/usu332\/2021\/11\/IMG-20211115-WA0010-1024x768.jpg\" alt=\"\" width=\"193\" height=\"145\" srcset=\"https:\/\/agora.xtec.cat\/escolapacocandel\/wp-content\/uploads\/usu332\/2021\/11\/IMG-20211115-WA0010-1024x768.jpg 1024w, https:\/\/agora.xtec.cat\/escolapacocandel\/wp-content\/uploads\/usu332\/2021\/11\/IMG-20211115-WA0010-300x225.jpg 300w, https:\/\/agora.xtec.cat\/escolapacocandel\/wp-content\/uploads\/usu332\/2021\/11\/IMG-20211115-WA0010-768x576.jpg 768w, https:\/\/agora.xtec.cat\/escolapacocandel\/wp-content\/uploads\/usu332\/2021\/11\/IMG-20211115-WA0010-1536x1152.jpg 1536w, https:\/\/agora.xtec.cat\/escolapacocandel\/wp-content\/uploads\/usu332\/2021\/11\/IMG-20211115-WA0010-200x150.jpg 200w, https:\/\/agora.xtec.cat\/escolapacocandel\/wp-content\/uploads\/usu332\/2021\/11\/IMG-20211115-WA0010.jpg 1600w\" sizes=\"auto, (max-width: 193px) 100vw, 193px\" \/><img loading=\"lazy\" decoding=\"async\" class=\"wp-image-5218 alignleft\" src=\"https:\/\/agora.xtec.cat\/escolapacocandel\/wp-content\/uploads\/usu332\/2021\/11\/WhatsApp-Image-2021-11-15-at-13.08.28-1024x768.jpeg\" alt=\"\" width=\"192\" height=\"144\" srcset=\"https:\/\/agora.xtec.cat\/escolapacocandel\/wp-content\/uploads\/usu332\/2021\/11\/WhatsApp-Image-2021-11-15-at-13.08.28-1024x768.jpeg 1024w, https:\/\/agora.xtec.cat\/escolapacocandel\/wp-content\/uploads\/usu332\/2021\/11\/WhatsApp-Image-2021-11-15-at-13.08.28-300x225.jpeg 300w, https:\/\/agora.xtec.cat\/escolapacocandel\/wp-content\/uploads\/usu332\/2021\/11\/WhatsApp-Image-2021-11-15-at-13.08.28-768x576.jpeg 768w, https:\/\/agora.xtec.cat\/escolapacocandel\/wp-content\/uploads\/usu332\/2021\/11\/WhatsApp-Image-2021-11-15-at-13.08.28-1536x1152.jpeg 1536w, https:\/\/agora.xtec.cat\/escolapacocandel\/wp-content\/uploads\/usu332\/2021\/11\/WhatsApp-Image-2021-11-15-at-13.08.28-200x150.jpeg 200w, https:\/\/agora.xtec.cat\/escolapacocandel\/wp-content\/uploads\/usu332\/2021\/11\/WhatsApp-Image-2021-11-15-at-13.08.28.jpeg 1600w\" sizes=\"auto, (max-width: 192px) 100vw, 192px\" \/><\/p>\n","protected":false},"excerpt":{"rendered":"<p>A cicle inicial hem comen\u00e7at a fer ambients. De moment, donada la situaci\u00f3 COVID, no podem barrejar-nos com altres cursos per\u00f2 ens hem organitzat perqu\u00e8 cada dues setmanes cada grup faci un ambient diferent. Hem comen\u00e7at per Art, Cafet\u00f3, F\u00f2rum i Laboratori.<br \/>\nAmbient de Laboratori<br \/>\nL&#8217;ambient de&hellip;  <a href=\"https:\/\/agora.xtec.cat\/escolapacocandel\/portada\/fem-ambients-a-cicle-inicial\/\" title=\"Read Fem ambients a cicle inicial\">Llegeix m\u00e9s\u00bb<\/a><\/p>\n","protected":false},"author":1,"featured_media":5032,"comment_status":"open","ping_status":"closed","sticky":false,"template":"","format":"standard","meta":{"_bbp_topic_count":0,"_bbp_reply_count":0,"_bbp_total_topic_count":0,"_bbp_total_reply_count":0,"_bbp_voice_count":0,"_bbp_anonymous_reply_count":0,"_bbp_topic_count_hidden":0,"_bbp_reply_count_hidden":0,"_bbp_forum_subforum_count":0,"footnotes":""},"categories":[127,4,140,137],"tags":[],"class_list":["post-5021","post","type-post","status-publish","format-standard","has-post-thumbnail","hentry","category-comunitat-de-mitjans","category-portada","category-1r","category-2n"],"post_mailing_queue_ids":[],"_links":{"self":[{"href":"https:\/\/agora.xtec.cat\/escolapacocandel\/wp-json\/wp\/v2\/posts\/5021","targetHints":{"allow":["GET"]}}],"collection":[{"href":"https:\/\/agora.xtec.cat\/escolapacocandel\/wp-json\/wp\/v2\/posts"}],"about":[{"href":"https:\/\/agora.xtec.cat\/escolapacocandel\/wp-json\/wp\/v2\/types\/post"}],"author":[{"embeddable":true,"href":"https:\/\/agora.xtec.cat\/escolapacocandel\/wp-json\/wp\/v2\/users\/1"}],"replies":[{"embeddable":true,"href":"https:\/\/agora.xtec.cat\/escolapacocandel\/wp-json\/wp\/v2\/comments?post=5021"}],"version-history":[{"count":4,"href":"https:\/\/agora.xtec.cat\/escolapacocandel\/wp-json\/wp\/v2\/posts\/5021\/revisions"}],"predecessor-version":[{"id":5220,"href":"https:\/\/agora.xtec.cat\/escolapacocandel\/wp-json\/wp\/v2\/posts\/5021\/revisions\/5220"}],"wp:featuredmedia":[{"embeddable":true,"href":"https:\/\/agora.xtec.cat\/escolapacocandel\/wp-json\/wp\/v2\/media\/5032"}],"wp:attachment":[{"href":"https:\/\/agora.xtec.cat\/escolapacocandel\/wp-json\/wp\/v2\/media?parent=5021"}],"wp:term":[{"taxonomy":"category","embeddable":true,"href":"https:\/\/agora.xtec.cat\/escolapacocandel\/wp-json\/wp\/v2\/categories?post=5021"},{"taxonomy":"post_tag","embeddable":true,"href":"https:\/\/agora.xtec.cat\/escolapacocandel\/wp-json\/wp\/v2\/tags?post=5021"}],"curies":[{"name":"wp","href":"https:\/\/api.w.org\/{rel}","templated":true}]}}