{"id":5001,"date":"2021-11-09T15:50:57","date_gmt":"2021-11-09T14:50:57","guid":{"rendered":"https:\/\/agora.xtec.cat\/escolapacocandel\/?p=5001"},"modified":"2024-01-31T18:51:46","modified_gmt":"2024-01-31T17:51:46","slug":"veus-i-ritmes-dafrica","status":"publish","type":"post","link":"https:\/\/agora.xtec.cat\/escolapacocandel\/comunitat-de-grans\/veus-i-ritmes-dafrica\/","title":{"rendered":"Veus i ritmes d&#8217;\u00c0frica"},"content":{"rendered":"<p style=\"text-align: justify;\">El divendres 29 d\u2019octubre vam anar de sortida al Caixaforum (Barcelona).<\/p>\n<p style=\"text-align: justify;\">Vam realitzar un <strong>taller de m\u00fasica<\/strong> anomenat <strong>\u201cVeus i ritmes de l\u2019\u00c0frica\u201d<\/strong> on vam poder explorar la percussi\u00f3 corporal i, amb ella, conceptes com ara la r\u00edtmica, la coordinaci\u00f3, la lateralitat, l\u2019atenci\u00f3 o la capacitat de treball en grup. Per \u00faltim, vam muntar un petit repertori de m\u00fasica africana on vam combinar moviments, can\u00e7ons a veus i percussi\u00f3 corporal.<\/p>\n","protected":false},"excerpt":{"rendered":"<p>El divendres 29 d\u2019octubre vam anar de sortida al Caixaforum (Barcelona).<br \/>\nVam realitzar un taller de m\u00fasica anomenat \u201cVeus i ritmes de l\u2019\u00c0frica\u201d on vam poder explorar la percussi\u00f3 corporal i, amb ella, conceptes com ara la r\u00edtmica, la coordinaci\u00f3, la lateralitat, l\u2019atenci\u00f3 o la capacitat&hellip;  <a href=\"https:\/\/agora.xtec.cat\/escolapacocandel\/comunitat-de-grans\/veus-i-ritmes-dafrica\/\" title=\"Read Veus i ritmes d&#8217;\u00c0frica\">Llegeix m\u00e9s\u00bb<\/a><\/p>\n","protected":false},"author":1,"featured_media":5007,"comment_status":"open","ping_status":"closed","sticky":false,"template":"","format":"standard","meta":{"_bbp_topic_count":0,"_bbp_reply_count":0,"_bbp_total_topic_count":0,"_bbp_total_reply_count":0,"_bbp_voice_count":0,"_bbp_anonymous_reply_count":0,"_bbp_topic_count_hidden":0,"_bbp_reply_count_hidden":0,"_bbp_forum_subforum_count":0,"footnotes":""},"categories":[129,143],"tags":[90,89],"class_list":["post-5001","post","type-post","status-publish","format-standard","has-post-thumbnail","hentry","category-comunitat-de-grans","category-4t","tag-musica","tag-tallers"],"post_mailing_queue_ids":[],"_links":{"self":[{"href":"https:\/\/agora.xtec.cat\/escolapacocandel\/wp-json\/wp\/v2\/posts\/5001","targetHints":{"allow":["GET"]}}],"collection":[{"href":"https:\/\/agora.xtec.cat\/escolapacocandel\/wp-json\/wp\/v2\/posts"}],"about":[{"href":"https:\/\/agora.xtec.cat\/escolapacocandel\/wp-json\/wp\/v2\/types\/post"}],"author":[{"embeddable":true,"href":"https:\/\/agora.xtec.cat\/escolapacocandel\/wp-json\/wp\/v2\/users\/1"}],"replies":[{"embeddable":true,"href":"https:\/\/agora.xtec.cat\/escolapacocandel\/wp-json\/wp\/v2\/comments?post=5001"}],"version-history":[{"count":3,"href":"https:\/\/agora.xtec.cat\/escolapacocandel\/wp-json\/wp\/v2\/posts\/5001\/revisions"}],"predecessor-version":[{"id":5108,"href":"https:\/\/agora.xtec.cat\/escolapacocandel\/wp-json\/wp\/v2\/posts\/5001\/revisions\/5108"}],"wp:featuredmedia":[{"embeddable":true,"href":"https:\/\/agora.xtec.cat\/escolapacocandel\/wp-json\/wp\/v2\/media\/5007"}],"wp:attachment":[{"href":"https:\/\/agora.xtec.cat\/escolapacocandel\/wp-json\/wp\/v2\/media?parent=5001"}],"wp:term":[{"taxonomy":"category","embeddable":true,"href":"https:\/\/agora.xtec.cat\/escolapacocandel\/wp-json\/wp\/v2\/categories?post=5001"},{"taxonomy":"post_tag","embeddable":true,"href":"https:\/\/agora.xtec.cat\/escolapacocandel\/wp-json\/wp\/v2\/tags?post=5001"}],"curies":[{"name":"wp","href":"https:\/\/api.w.org\/{rel}","templated":true}]}}