{"id":4955,"date":"2021-10-15T12:08:58","date_gmt":"2021-10-15T10:08:58","guid":{"rendered":"http:\/\/blocs.xtec.cat\/superiorpacocandel\/?p=981"},"modified":"2024-01-31T18:58:15","modified_gmt":"2024-01-31T17:58:15","slug":"reunio-families-5e-inici-de-curs","status":"publish","type":"post","link":"https:\/\/agora.xtec.cat\/escolapacocandel\/comunitat-de-grans\/reunio-families-5e-inici-de-curs\/","title":{"rendered":"Reuni\u00f3 fam\u00edlies 5\u00e8 &#8211; Inici de curs"},"content":{"rendered":"<p>Hola fam\u00edlies,<\/p>\n<p>aqu\u00ed us deixem la reuni\u00f3 d&#8217;inici de curs, per poder consultar-la.<\/p>\n<p><a href=\"https:\/\/docs.google.com\/presentation\/d\/1Yswwo2Kjz6Z5u0aB4dGZwBZ30Cggu8Bf\/edit?usp=sharing&amp;ouid=105690702393481700465&amp;rtpof=true&amp;sd=true\">Power Point Reuni\u00f3 5\u00e8<\/a><\/p>\n<p><a href=\"https:\/\/drive.google.com\/file\/d\/1jcn4wme38uP3-ouPnMo7QjygEyfrLX9j\/view?usp=sharing\">Gravaci\u00f3 Reuni\u00f3 5\u00e8<\/a><\/p>\n","protected":false},"excerpt":{"rendered":"<p>Hola fam\u00edlies,<br \/>\naqu\u00ed us deixem la reuni\u00f3 d&#8217;inici de curs, per poder consultar-la.<br \/>\n<a href=\"https:\/\/docs.google.com\/presentation\/d\/1Yswwo2Kjz6Z5u0aB4dGZwBZ30Cggu8Bf\/edit?usp=sharing&amp;ouid=105690702393481700465&amp;rtpof=true&amp;sd=true\">Power Point Reuni\u00f3 5\u00e8<\/a><br \/>\n<a href=\"https:\/\/drive.google.com\/file\/d\/1jcn4wme38uP3-ouPnMo7QjygEyfrLX9j\/view?usp=sharing\">Gravaci\u00f3 Reuni\u00f3 5\u00e8<\/a><\/p>\n","protected":false},"author":20,"featured_media":0,"comment_status":"open","ping_status":"open","sticky":false,"template":"","format":"standard","meta":{"_bbp_topic_count":0,"_bbp_reply_count":0,"_bbp_total_topic_count":0,"_bbp_total_reply_count":0,"_bbp_voice_count":0,"_bbp_anonymous_reply_count":0,"_bbp_topic_count_hidden":0,"_bbp_reply_count_hidden":0,"_bbp_forum_subforum_count":0,"footnotes":""},"categories":[144,129],"tags":[94],"class_list":["post-4955","post","type-post","status-publish","format-standard","hentry","category-5e","category-comunitat-de-grans","tag-reunio-families"],"post_mailing_queue_ids":[],"_links":{"self":[{"href":"https:\/\/agora.xtec.cat\/escolapacocandel\/wp-json\/wp\/v2\/posts\/4955","targetHints":{"allow":["GET"]}}],"collection":[{"href":"https:\/\/agora.xtec.cat\/escolapacocandel\/wp-json\/wp\/v2\/posts"}],"about":[{"href":"https:\/\/agora.xtec.cat\/escolapacocandel\/wp-json\/wp\/v2\/types\/post"}],"author":[{"embeddable":true,"href":"https:\/\/agora.xtec.cat\/escolapacocandel\/wp-json\/wp\/v2\/users\/20"}],"replies":[{"embeddable":true,"href":"https:\/\/agora.xtec.cat\/escolapacocandel\/wp-json\/wp\/v2\/comments?post=4955"}],"version-history":[{"count":1,"href":"https:\/\/agora.xtec.cat\/escolapacocandel\/wp-json\/wp\/v2\/posts\/4955\/revisions"}],"predecessor-version":[{"id":4973,"href":"https:\/\/agora.xtec.cat\/escolapacocandel\/wp-json\/wp\/v2\/posts\/4955\/revisions\/4973"}],"wp:attachment":[{"href":"https:\/\/agora.xtec.cat\/escolapacocandel\/wp-json\/wp\/v2\/media?parent=4955"}],"wp:term":[{"taxonomy":"category","embeddable":true,"href":"https:\/\/agora.xtec.cat\/escolapacocandel\/wp-json\/wp\/v2\/categories?post=4955"},{"taxonomy":"post_tag","embeddable":true,"href":"https:\/\/agora.xtec.cat\/escolapacocandel\/wp-json\/wp\/v2\/tags?post=4955"}],"curies":[{"name":"wp","href":"https:\/\/api.w.org\/{rel}","templated":true}]}}