{"id":4864,"date":"2021-11-03T13:48:46","date_gmt":"2021-11-03T12:48:46","guid":{"rendered":"http:\/\/blocs.xtec.cat\/diapacocandel\/?p=4864"},"modified":"2024-01-31T18:11:16","modified_gmt":"2024-01-31T17:11:16","slug":"descobreixen-can-sala","status":"publish","type":"post","link":"https:\/\/agora.xtec.cat\/escolapacocandel\/comunitat-de-petits\/descobreixen-can-sala\/","title":{"rendered":"Descobrint &#8220;Can Sala&#8221;"},"content":{"rendered":"<p><a href=\"http:\/\/blocs.xtec.cat\/diapacocandel\/files\/2021\/11\/2.jpg\"><img loading=\"lazy\" decoding=\"async\" class=\" wp-image-4866 alignright\" src=\"http:\/\/blocs.xtec.cat\/diapacocandel\/files\/2021\/11\/2.jpg\" alt=\"\" width=\"256\" height=\"195\" \/><\/a><\/p>\n<p style=\"text-align: left;\">I per fi els infants\u00a0<span class=\"hiddenGrammarError\">s&#8217;<\/span>endinsen a les sortides fora de l&#8217;escola, on poden connectar i descobrir m\u00e9s enll\u00e0 d&#8217;all\u00f2\u00a0conegut.\u00a0Buscant i coneixent la <strong>natura<\/strong>\u00a0des de\u00a0dins,\u00a0indagant\u00a0el que poden fer i com, per\u00f2 sobretot\u00a0olorant\u00a0l&#8217;aire i\u00a0buscant\u00a0aquells tresors que ens amaga la terra.<\/p>\n<p style=\"text-align: left;\">Les estrelles\u00a0<span class=\"hiddenSpellError\">surferes<\/span>\u00a0i els cavallets de mar estaven molt <strong>entusiasmats<\/strong> en arribar a un nou espai<span class=\"hiddenGrammarError\">&#8230; i<\/span>\u00a0alhora con\u00e8ixer tot all\u00f2 que estava pensat per gaudir d&#8217;un dia a Can Sala.<\/p>\n<p style=\"text-align: left;\"><a href=\"http:\/\/blocs.xtec.cat\/diapacocandel\/files\/2021\/11\/4-1.png\"><img loading=\"lazy\" decoding=\"async\" class=\"alignnone wp-image-4869\" src=\"http:\/\/blocs.xtec.cat\/diapacocandel\/files\/2021\/11\/4-1.png\" alt=\"\" width=\"264\" height=\"197\" \/><\/a><a href=\"http:\/\/blocs.xtec.cat\/diapacocandel\/files\/2021\/11\/3.jpg\"><img loading=\"lazy\" decoding=\"async\" class=\" wp-image-4868 alignright\" src=\"http:\/\/blocs.xtec.cat\/diapacocandel\/files\/2021\/11\/3.jpg\" alt=\"\" width=\"267\" height=\"202\" \/><\/a><\/p>\n<p style=\"text-align: left;\">Animals i bosc els esperaven durant el dia. Van poder gaudir d&#8217;un passeig agafant\u00a0pinyes\u00a0i tot all\u00f2 que trobaven al bosc tot fent un petit herbolari que van endur-se de record. Els animals els esperaven i tots junts es van con\u00e8ixer.<\/p>\n<p><a href=\"http:\/\/blocs.xtec.cat\/diapacocandel\/files\/2021\/11\/1-1.png\"><img loading=\"lazy\" decoding=\"async\" class=\"wp-image-4870 alignright\" src=\"http:\/\/blocs.xtec.cat\/diapacocandel\/files\/2021\/11\/1-1.png\" alt=\"\" width=\"238\" height=\"181\" \/><\/a><\/p>\n<blockquote>\n<p style=\"text-align: center;\">Los ni\u00f1os y las ni\u00f1as necesitan mucha libertad para indagar, probar, equivocarse y corregir&#8230; Para apreciar los infinitos recursos de las manos, de la vista, del o\u00eddo, de las formas, de los sonidos y de los colores.<\/p>\n<\/blockquote>\n<p style=\"text-align: center;\">\u00a0 \u00a0 \u00a0 \u00a0 \u00a0 \u00a0 \u00a0 \u00a0 \u00a0 \u00a0 \u00a0 \u00a0 \u00a0 \u00a0 \u00a0 \u00a0 \u00a0 \u00a0 \u00a0 \u00a0 \u00a0 \u00a0 \u00a0 \u00a0 Loris Malaguzzi<\/p>\n<blockquote class=\"wp-embedded-content\" data-secret=\"I72ldp8OxN\"><p><a href=\"https:\/\/agora.xtec.cat\/escolapacocandel\/fotos-privat\/sortida-a-can-sala\/\">Protegit: Sortida a Can Sala<\/a><\/p><\/blockquote>\n<p><iframe loading=\"lazy\" class=\"wp-embedded-content\" sandbox=\"allow-scripts\" security=\"restricted\" style=\"position: absolute; clip: rect(1px, 1px, 1px, 1px);\" title=\"&#8220;Protegit: Sortida a Can Sala&#8221; &#8212; Escola Paco Candel\" src=\"https:\/\/agora.xtec.cat\/escolapacocandel\/fotos-privat\/sortida-a-can-sala\/embed\/#?secret=yWp3hO7qKI#?secret=I72ldp8OxN\" data-secret=\"I72ldp8OxN\" width=\"500\" height=\"282\" frameborder=\"0\" marginwidth=\"0\" marginheight=\"0\" scrolling=\"no\"><\/iframe><\/p>\n","protected":false},"excerpt":{"rendered":"<p><a href=\"http:\/\/blocs.xtec.cat\/diapacocandel\/files\/2021\/11\/2.jpg\"><\/a><br \/>\nI per fi els infants\u00a0s&#8217;endinsen a les sortides fora de l&#8217;escola, on poden connectar i descobrir m\u00e9s enll\u00e0 d&#8217;all\u00f2\u00a0conegut.\u00a0Buscant i coneixent la natura\u00a0des de\u00a0dins,\u00a0indagant\u00a0el que poden fer i com, per\u00f2 sobretot\u00a0olorant\u00a0l&#8217;aire i\u00a0buscant\u00a0aquells tresors que ens amaga la terra.<br \/>\nLes estrelles\u00a0surferes\u00a0i els cavallets de mar estaven&hellip;  <a href=\"https:\/\/agora.xtec.cat\/escolapacocandel\/comunitat-de-petits\/descobreixen-can-sala\/\" title=\"Read Descobrint &#8220;Can Sala&#8221;\">Llegeix m\u00e9s\u00bb<\/a><\/p>\n","protected":false},"author":1,"featured_media":4917,"comment_status":"open","ping_status":"closed","sticky":false,"template":"","format":"standard","meta":{"_bbp_topic_count":0,"_bbp_reply_count":0,"_bbp_total_topic_count":0,"_bbp_total_reply_count":0,"_bbp_voice_count":0,"_bbp_anonymous_reply_count":0,"_bbp_topic_count_hidden":0,"_bbp_reply_count_hidden":0,"_bbp_forum_subforum_count":0,"footnotes":""},"categories":[128],"tags":[92],"class_list":["post-4864","post","type-post","status-publish","format-standard","has-post-thumbnail","hentry","category-comunitat-de-petits","tag-sortides"],"post_mailing_queue_ids":[],"_links":{"self":[{"href":"https:\/\/agora.xtec.cat\/escolapacocandel\/wp-json\/wp\/v2\/posts\/4864","targetHints":{"allow":["GET"]}}],"collection":[{"href":"https:\/\/agora.xtec.cat\/escolapacocandel\/wp-json\/wp\/v2\/posts"}],"about":[{"href":"https:\/\/agora.xtec.cat\/escolapacocandel\/wp-json\/wp\/v2\/types\/post"}],"author":[{"embeddable":true,"href":"https:\/\/agora.xtec.cat\/escolapacocandel\/wp-json\/wp\/v2\/users\/1"}],"replies":[{"embeddable":true,"href":"https:\/\/agora.xtec.cat\/escolapacocandel\/wp-json\/wp\/v2\/comments?post=4864"}],"version-history":[{"count":3,"href":"https:\/\/agora.xtec.cat\/escolapacocandel\/wp-json\/wp\/v2\/posts\/4864\/revisions"}],"predecessor-version":[{"id":5394,"href":"https:\/\/agora.xtec.cat\/escolapacocandel\/wp-json\/wp\/v2\/posts\/4864\/revisions\/5394"}],"wp:featuredmedia":[{"embeddable":true,"href":"https:\/\/agora.xtec.cat\/escolapacocandel\/wp-json\/wp\/v2\/media\/4917"}],"wp:attachment":[{"href":"https:\/\/agora.xtec.cat\/escolapacocandel\/wp-json\/wp\/v2\/media?parent=4864"}],"wp:term":[{"taxonomy":"category","embeddable":true,"href":"https:\/\/agora.xtec.cat\/escolapacocandel\/wp-json\/wp\/v2\/categories?post=4864"},{"taxonomy":"post_tag","embeddable":true,"href":"https:\/\/agora.xtec.cat\/escolapacocandel\/wp-json\/wp\/v2\/tags?post=4864"}],"curies":[{"name":"wp","href":"https:\/\/api.w.org\/{rel}","templated":true}]}}