{"id":4835,"date":"2021-10-24T02:31:36","date_gmt":"2021-10-24T00:31:36","guid":{"rendered":"http:\/\/blocs.xtec.cat\/diapacocandel\/?p=4835"},"modified":"2024-03-05T10:02:06","modified_gmt":"2024-03-05T09:02:06","slug":"els-infants-i-la-llum","status":"publish","type":"post","link":"https:\/\/agora.xtec.cat\/escolapacocandel\/portada\/els-infants-i-la-llum\/","title":{"rendered":"Els infants i la llum"},"content":{"rendered":"<p style=\"text-align: justify;\"><a href=\"http:\/\/blocs.xtec.cat\/diapacocandel\/files\/2021\/10\/DSC03173_opt-1.jpg\"><img loading=\"lazy\" decoding=\"async\" class=\" wp-image-4839 alignleft\" src=\"http:\/\/blocs.xtec.cat\/diapacocandel\/files\/2021\/10\/DSC03173_opt-1.jpg\" alt=\"\" width=\"283\" height=\"214\" \/><\/a> Els nens i les nenes aprenen a trav\u00e9s dels sentits. S&#8217;obren pas en el m\u00f3n, experimentant i jugant, provant i comprovant. L&#8217;adult t\u00e9 la funci\u00f3 de crear espais per\u00a0 posar en marxa tots els seus sentits. A l&#8217;escola, <strong>L&#8217;ESPAI DE LLUM<\/strong> ofereix l&#8217;oportunitat de jugar a trav\u00e9s de la llum i el color, convertint l&#8217;activitat cient\u00edfica com a centre d&#8217;experimentaci\u00f3 i tamb\u00e9 d&#8217;expressi\u00f3. \u00c9s una manera l\u00fadica i atractiva d&#8217;adquirir coneixements sobre el comportament de la llum, el color, les ombres, d&#8217;una manera inconscient i quasi arbitraria. Els infants juguen amb les seves caracter\u00edstique<a href=\"http:\/\/blocs.xtec.cat\/diapacocandel\/files\/2021\/10\/DSC03167_opt.jpg\"><img loading=\"lazy\" decoding=\"async\" class=\"wp-image-4841 alignright\" src=\"http:\/\/blocs.xtec.cat\/diapacocandel\/files\/2021\/10\/DSC03167_opt.jpg\" alt=\"\" width=\"252\" height=\"191\" \/><\/a>s, exploren els reflexos sobre els objectes, com amb un alot es\u00a0 pot fer m\u00e9s gran o m\u00e9s petita l&#8217;ombra d&#8217;un animal de joguina&#8230; a m\u00e9s que els permet focalitzar i estar concentrats, centrar l&#8217;atenci\u00f3 i transformar els objectes m\u00e9s quotidians en elements atractius, m\u00e0gics quant es veuen sobre la taula de llum o el retroprojector.<\/p>\n<p>&nbsp;<\/p>\n<p><a href=\"http:\/\/blocs.xtec.cat\/diapacocandel\/files\/2021\/10\/DSC03173_opt.jpg\"><img loading=\"lazy\" decoding=\"async\" class=\"alignnone wp-image-4840\" src=\"http:\/\/blocs.xtec.cat\/diapacocandel\/files\/2021\/10\/DSC03173_opt.jpg\" alt=\"\" width=\"179\" height=\"138\" \/><\/a><a href=\"http:\/\/blocs.xtec.cat\/diapacocandel\/files\/2021\/10\/DSC03261-copia_opt.jpg\"><img loading=\"lazy\" decoding=\"async\" class=\"alignnone wp-image-4838\" src=\"http:\/\/blocs.xtec.cat\/diapacocandel\/files\/2021\/10\/DSC03261-copia_opt.jpg\" alt=\"\" width=\"179\" height=\"137\" \/><\/a> <a href=\"http:\/\/blocs.xtec.cat\/diapacocandel\/files\/2021\/10\/DSC03156_opt.jpg\"><img loading=\"lazy\" decoding=\"async\" class=\"alignnone wp-image-4837\" src=\"http:\/\/blocs.xtec.cat\/diapacocandel\/files\/2021\/10\/DSC03156_opt.jpg\" alt=\"\" width=\"179\" height=\"137\" \/><\/a><\/p>\n<p style=\"text-align: right;\"><span style=\"font-size: 14pt;\"><strong>&#8220;El que la m\u00e0 fa, la ment ho recorda&#8221;.<\/strong><\/span><\/p>\n<p style=\"text-align: right;\"><span style=\"font-size: 14pt;\"><strong>Maria Montessori<\/strong><\/span><\/p>\n","protected":false},"excerpt":{"rendered":"<p><a href=\"http:\/\/blocs.xtec.cat\/diapacocandel\/files\/2021\/10\/DSC03173_opt-1.jpg\"><\/a> Els nens i les nenes aprenen a trav\u00e9s dels sentits. S&#8217;obren pas en el m\u00f3n, experimentant i jugant, provant i comprovant. L&#8217;adult t\u00e9 la funci\u00f3 de crear espais per\u00a0 posar en marxa tots els seus sentits. A l&#8217;escola, L&#8217;ESPAI DE LLUM ofereix l&#8217;oportunitat&hellip;  <a href=\"https:\/\/agora.xtec.cat\/escolapacocandel\/portada\/els-infants-i-la-llum\/\" title=\"Read Els infants i la llum\">Llegeix m\u00e9s\u00bb<\/a><\/p>\n","protected":false},"author":5,"featured_media":4918,"comment_status":"open","ping_status":"closed","sticky":false,"template":"","format":"standard","meta":{"_bbp_topic_count":0,"_bbp_reply_count":0,"_bbp_total_topic_count":0,"_bbp_total_reply_count":0,"_bbp_voice_count":0,"_bbp_anonymous_reply_count":0,"_bbp_topic_count_hidden":0,"_bbp_reply_count_hidden":0,"_bbp_forum_subforum_count":0,"footnotes":""},"categories":[128,4],"tags":[],"class_list":["post-4835","post","type-post","status-publish","format-standard","has-post-thumbnail","hentry","category-comunitat-de-petits","category-portada"],"post_mailing_queue_ids":[],"_links":{"self":[{"href":"https:\/\/agora.xtec.cat\/escolapacocandel\/wp-json\/wp\/v2\/posts\/4835","targetHints":{"allow":["GET"]}}],"collection":[{"href":"https:\/\/agora.xtec.cat\/escolapacocandel\/wp-json\/wp\/v2\/posts"}],"about":[{"href":"https:\/\/agora.xtec.cat\/escolapacocandel\/wp-json\/wp\/v2\/types\/post"}],"author":[{"embeddable":true,"href":"https:\/\/agora.xtec.cat\/escolapacocandel\/wp-json\/wp\/v2\/users\/5"}],"replies":[{"embeddable":true,"href":"https:\/\/agora.xtec.cat\/escolapacocandel\/wp-json\/wp\/v2\/comments?post=4835"}],"version-history":[{"count":4,"href":"https:\/\/agora.xtec.cat\/escolapacocandel\/wp-json\/wp\/v2\/posts\/4835\/revisions"}],"predecessor-version":[{"id":8976,"href":"https:\/\/agora.xtec.cat\/escolapacocandel\/wp-json\/wp\/v2\/posts\/4835\/revisions\/8976"}],"wp:featuredmedia":[{"embeddable":true,"href":"https:\/\/agora.xtec.cat\/escolapacocandel\/wp-json\/wp\/v2\/media\/4918"}],"wp:attachment":[{"href":"https:\/\/agora.xtec.cat\/escolapacocandel\/wp-json\/wp\/v2\/media?parent=4835"}],"wp:term":[{"taxonomy":"category","embeddable":true,"href":"https:\/\/agora.xtec.cat\/escolapacocandel\/wp-json\/wp\/v2\/categories?post=4835"},{"taxonomy":"post_tag","embeddable":true,"href":"https:\/\/agora.xtec.cat\/escolapacocandel\/wp-json\/wp\/v2\/tags?post=4835"}],"curies":[{"name":"wp","href":"https:\/\/api.w.org\/{rel}","templated":true}]}}