{"id":1438,"date":"2021-11-03T16:16:28","date_gmt":"2021-11-03T15:16:28","guid":{"rendered":"https:\/\/agora.xtec.cat\/escolapacocandel\/?p=1438"},"modified":"2021-11-15T23:37:39","modified_gmt":"2021-11-15T22:37:39","slug":"eleccions-al-consell-escolar","status":"publish","type":"post","link":"https:\/\/agora.xtec.cat\/escolapacocandel\/portada\/eleccions-al-consell-escolar\/","title":{"rendered":"Eleccions al Consell Escolar"},"content":{"rendered":"<p><span style=\"font-weight: 400;\">Benvolgudes fam\u00edlies <a href=\"https:\/\/agora.xtec.cat\/escolapacocandel\/wp-content\/uploads\/usu332\/2021\/11\/Diseno-sin-titulo-e1635953348783.png\"><img loading=\"lazy\" decoding=\"async\" class=\"wp-image-1440 alignright\" src=\"https:\/\/agora.xtec.cat\/escolapacocandel\/wp-content\/uploads\/usu332\/2021\/11\/Diseno-sin-titulo-e1635953348783.png\" alt=\"\" width=\"179\" height=\"129\" \/><\/a><\/span><\/p>\n<p><span style=\"font-weight: 400;\">Us informem que aquest curs 2021\/2022 hi ha convocades les eleccions per a la renovaci\u00f3 de\u00a0 la meitat del membres representants del Consell Escolar del centre.\u00a0<\/span><\/p>\n<p><span style=\"font-weight: 400;\">En refer\u00e8ncia a la representaci\u00f3 del Sector Pares i Mares us comuniquem que s\u2019han de <\/span><b>renovar 2 vacants.\u00a0<\/b><\/p>\n<p><span style=\"font-weight: 400;\">Recordeu que el Consell Escolar \u00e9s el m\u00e0xim \u00f2rgan col\u00b7legiat de representaci\u00f3 i decisi\u00f3 a les\u00a0 escoles. Us encoratgem a presentar les vostres candidatures!!!\u00a0<\/span><\/p>\n<p><span style=\"font-weight: 400;\">El calendari de les diferents fases \u00e9s el seg\u00fcent:<\/span><\/p>\n<table style=\"width: 96.0758%; height: 627px;\">\n<tbody>\n<tr style=\"height: 57px;\">\n<td style=\"width: 34.6479%; height: 57px;\"><\/td>\n<td style=\"width: 64.2254%; height: 57px;\"><span style=\"font-weight: 400;\">ELECCIONS CONSELL ESCOLAR<\/span><\/td>\n<\/tr>\n<tr style=\"height: 57px;\">\n<td style=\"width: 34.6479%; height: 57px;\"><span style=\"font-weight: 400;\">2 de novembre de 2021\u00a0<\/span><\/td>\n<td style=\"width: 64.2254%; height: 57px;\"><span style=\"font-weight: 400;\">Inici del proc\u00e9s. Comunicaci\u00f3 a la comunitat educativa<\/span><\/td>\n<\/tr>\n<tr style=\"height: 180px;\">\n<td style=\"width: 34.6479%; height: 180px;\"><span style=\"font-weight: 400;\">4 al 29 de novembre de\u00a0 2021<\/span><\/td>\n<td style=\"width: 64.2254%; height: 180px;\"><span style=\"font-weight: 400;\">Publicaci\u00f3 del cens electoral.\u00a0<\/span><\/p>\n<p><span style=\"font-weight: 400;\">Per consultar el mateix s\u2019ha habilitat al pati de l\u2019escola i al vest\u00edbul\u00a0 (fam\u00edlies de P3 i P4)\u00a0<\/span><\/p>\n<p><span style=\"font-weight: 400;\">una pissarra que estar\u00e0 a la vostra disposici\u00f3 al mat\u00ed (9:20 hores) i a\u00a0 la tarda (16 hores)<\/span><\/td>\n<\/tr>\n<tr style=\"height: 118px;\">\n<td style=\"width: 34.6479%; height: 118px;\"><span style=\"font-weight: 400;\">4 al 8 de novembre de\u00a0 2021<\/span><\/td>\n<td style=\"width: 64.2254%; height: 118px;\"><span style=\"font-weight: 400;\">Reclamacions al cens electoral.\u00a0<\/span><\/p>\n<p><span style=\"font-weight: 400;\">Podeu adre\u00e7ar un missatge al correu de l\u2019escola\u00a0 (<\/span><span style=\"font-weight: 400;\">a8069736@xtec.cat<\/span><span style=\"font-weight: 400;\">) amb l&#8217;al\u00b7legaci\u00f3 corresponent<\/span><\/td>\n<\/tr>\n<tr style=\"height: 79px;\">\n<td style=\"width: 34.6479%; height: 79px;\"><span style=\"font-weight: 400;\">9 de novembre de 2021\u00a0<\/span><\/td>\n<td style=\"width: 64.2254%; height: 79px;\"><span style=\"font-weight: 400;\">Sorteig dels membres que han de formar les diferents taules\u00a0 electorals<\/span><\/td>\n<\/tr>\n<tr style=\"height: 136px;\">\n<td style=\"width: 34.6479%; height: 136px;\"><span style=\"font-weight: 400;\">11 de novembre de 2021\u00a0<\/span><\/td>\n<td style=\"width: 64.2254%; height: 136px;\"><span style=\"font-weight: 400;\">Constituci\u00f3 de les taules electorals.\u00a0<\/span><\/p>\n<p><span style=\"font-weight: 400;\">Resoluci\u00f3 de les reclamacions al cens electoral.\u00a0<\/span><\/p>\n<p><span style=\"font-weight: 400;\">Recollida de les candidatures.<\/span><\/td>\n<\/tr>\n<tr>\n<td style=\"width: 34.6479%;\"><span style=\"font-weight: 400;\">12 de novembre de 2021\u00a0<\/span><\/td>\n<td style=\"width: 64.2254%;\"><span style=\"font-weight: 400;\">Publicaci\u00f3 de les candidatures presentades<\/span><\/td>\n<\/tr>\n<tr>\n<td style=\"width: 34.6479%;\"><span style=\"font-weight: 400;\">24 de novembre de 2021\u00a0<\/span><\/td>\n<td style=\"width: 64.2254%;\"><span style=\"font-weight: 400;\">Votacions:\u00a0<\/span><\/p>\n<p><span style=\"font-weight: 400;\">de 9 a 10 hores\u00a0<\/span><\/p>\n<p><span style=\"font-weight: 400;\">de 12 a 13.15 hores\u00a0<\/span><\/p>\n<p><span style=\"font-weight: 400;\">de 15 a 15:30 hores\u00a0<\/span><\/p>\n<p><span style=\"font-weight: 400;\">de 16 a 17 hores<\/span><\/td>\n<\/tr>\n<tr>\n<td style=\"width: 34.6479%;\"><span style=\"font-weight: 400;\">25 de novembre de 2021\u00a0<\/span><\/td>\n<td style=\"width: 64.2254%;\"><span style=\"font-weight: 400;\">Informaci\u00f3 de les candidatures escollides en funci\u00f3 del nombre de\u00a0 vots.<\/span><\/td>\n<\/tr>\n<\/tbody>\n<\/table>\n<p><a href=\"https:\/\/dogc.gencat.cat\/ca\/document-del-dogc\/?documentId=912090\" target=\"_blank\" rel=\"noopener\">RESOLUCI\u00d3 EDU\/3043\/2021, de 6 d\u2019octubre, per la qual s&#8217;estableix el calendari i el r\u00e8gim del proc\u00e9s electoral per renovar els membres dels consells escolars dels centres p\u00fablics i privats sostinguts amb fons p\u00fablics.<\/a><\/p>\n<p>&nbsp;<\/p>\n","protected":false},"excerpt":{"rendered":"<p>Benvolgudes fam\u00edlies <a href=\"https:\/\/agora.xtec.cat\/escolapacocandel\/wp-content\/uploads\/usu332\/2021\/11\/Diseno-sin-titulo-e1635953348783.png\"><\/a><br \/>\nUs informem que aquest curs 2021\/2022 hi ha convocades les eleccions per a la renovaci\u00f3 de\u00a0 la meitat del membres representants del Consell Escolar del centre.\u00a0<br \/>\nEn refer\u00e8ncia a la representaci\u00f3 del Sector Pares i Mares us comuniquem que s\u2019han de renovar 2&hellip;  <a href=\"https:\/\/agora.xtec.cat\/escolapacocandel\/portada\/eleccions-al-consell-escolar\/\" title=\"Read Eleccions al Consell Escolar\">Llegeix m\u00e9s\u00bb<\/a><\/p>\n","protected":false},"author":1,"featured_media":1440,"comment_status":"closed","ping_status":"closed","sticky":false,"template":"","format":"standard","meta":{"_bbp_topic_count":0,"_bbp_reply_count":0,"_bbp_total_topic_count":0,"_bbp_total_reply_count":0,"_bbp_voice_count":0,"_bbp_anonymous_reply_count":0,"_bbp_topic_count_hidden":0,"_bbp_reply_count_hidden":0,"_bbp_forum_subforum_count":0,"footnotes":""},"categories":[4],"tags":[],"class_list":["post-1438","post","type-post","status-publish","format-standard","has-post-thumbnail","hentry","category-portada"],"post_mailing_queue_ids":[],"_links":{"self":[{"href":"https:\/\/agora.xtec.cat\/escolapacocandel\/wp-json\/wp\/v2\/posts\/1438","targetHints":{"allow":["GET"]}}],"collection":[{"href":"https:\/\/agora.xtec.cat\/escolapacocandel\/wp-json\/wp\/v2\/posts"}],"about":[{"href":"https:\/\/agora.xtec.cat\/escolapacocandel\/wp-json\/wp\/v2\/types\/post"}],"author":[{"embeddable":true,"href":"https:\/\/agora.xtec.cat\/escolapacocandel\/wp-json\/wp\/v2\/users\/1"}],"replies":[{"embeddable":true,"href":"https:\/\/agora.xtec.cat\/escolapacocandel\/wp-json\/wp\/v2\/comments?post=1438"}],"version-history":[{"count":3,"href":"https:\/\/agora.xtec.cat\/escolapacocandel\/wp-json\/wp\/v2\/posts\/1438\/revisions"}],"predecessor-version":[{"id":5057,"href":"https:\/\/agora.xtec.cat\/escolapacocandel\/wp-json\/wp\/v2\/posts\/1438\/revisions\/5057"}],"wp:featuredmedia":[{"embeddable":true,"href":"https:\/\/agora.xtec.cat\/escolapacocandel\/wp-json\/wp\/v2\/media\/1440"}],"wp:attachment":[{"href":"https:\/\/agora.xtec.cat\/escolapacocandel\/wp-json\/wp\/v2\/media?parent=1438"}],"wp:term":[{"taxonomy":"category","embeddable":true,"href":"https:\/\/agora.xtec.cat\/escolapacocandel\/wp-json\/wp\/v2\/categories?post=1438"},{"taxonomy":"post_tag","embeddable":true,"href":"https:\/\/agora.xtec.cat\/escolapacocandel\/wp-json\/wp\/v2\/tags?post=1438"}],"curies":[{"name":"wp","href":"https:\/\/api.w.org\/{rel}","templated":true}]}}