{"id":1339,"date":"2021-05-07T09:57:35","date_gmt":"2021-05-07T07:57:35","guid":{"rendered":"http:\/\/agora.xtec.cat\/escolapacocandel\/?p=1339"},"modified":"2021-11-15T23:30:20","modified_gmt":"2021-11-15T22:30:20","slug":"consulta-la-llista-de-sol%c2%b7licituds-ordenada","status":"publish","type":"post","link":"https:\/\/agora.xtec.cat\/escolapacocandel\/general\/consulta-la-llista-de-sol%c2%b7licituds-ordenada\/","title":{"rendered":"Consulta llista sol\u00b7licitud ordenada"},"content":{"rendered":"<p>Publiquem les llistes ordenades de sol\u00b7licituds atenent el n\u00famero del sorteig.<\/p>\n<p><a href=\"https:\/\/agora.xtec.cat\/escolapacocandel\/wp-content\/uploads\/usu332\/2021\/05\/07-05-2021-INFORME_BAREM_DEFINITIU.pdf\">07 05 2021 INFORME_BAREM_DEFINITIU<\/a><\/p>\n<p>Podeu accedir a la consulta individual en aquest web: \u00a0<a href=\"https:\/\/preinscripcio.gencat.cat\/ca\/estudis\/infantil-3-6\/preinscriute\/seguiment-sollicitud\/llista-ordenada\/\">https:\/\/preinscripcio.gencat.cat\/ca\/estudis\/infantil-3-6\/preinscriute\/seguiment-sollicitud\/llista-ordenada\/<\/a><\/p>\n<p>&nbsp;<\/p>\n<p style=\"background: white; margin: 0cm 0cm 15.0pt 0cm;\">CONVOCAT\u00d2RIA PER A LA CONCESSI\u00d3 D&#8217;AJUTS INDIVIDUALS DE MENJADOR. CURS 2021-2022<\/p>\n<p>L\u2019AMB (\u00c0rea Metropolitana de Barcelona) ja ha publicat la convocat\u00f2ria de beques de menjador per al proper curs 2021\/2022.<\/p>\n<p>Poden sol\u00b7licitar aquest ajut els alumnes preinscrits al primer curs del cicle superior d\u2019educaci\u00f3 infantil (P3) i altres alumnes preinscrits en altres cursos.<\/p>\n<p>Per ser beneficiari de l\u2019ajut de menjador s\u2019han de reunir els requisits i condicions establerts en la convocat\u00f2ria per la qual cosa caldr\u00e0 aportar la documentaci\u00f3 que els acredita.<\/p>\n<p>Si es sol\u00b7licita per primer cop:<\/p>\n<ul>\n<li>Formulari (que s\u2019adjunta) <a href=\"https:\/\/agora.xtec.cat\/escolapacocandel\/wp-content\/uploads\/usu332\/2021\/05\/Impr\u00e8s-sol\u00b7licitud-ajut-de-menjador-2021-2022.pdf\">Impr\u00e8s sol\u00b7licitud ajut de menjador 2021 2022<\/a><\/li>\n<li>Volant de conviv\u00e8ncia<\/li>\n<li>DNI de tots els membres que en disposin<\/li>\n<li>Altra documentaci\u00f3 acreditativa de circumst\u00e0ncies a al\u00b7legar (fam\u00edlia nombrosa, monoparental, discapacitat, etc.)<\/li>\n<\/ul>\n","protected":false},"excerpt":{"rendered":"<p>Publiquem les llistes ordenades de sol\u00b7licituds atenent el n\u00famero del sorteig.<br \/>\n<a href=\"https:\/\/agora.xtec.cat\/escolapacocandel\/wp-content\/uploads\/usu332\/2021\/05\/07-05-2021-INFORME_BAREM_DEFINITIU.pdf\">07 05 2021 INFORME_BAREM_DEFINITIU<\/a><br \/>\nPodeu accedir a la consulta individual en aquest web: \u00a0<a href=\"https:\/\/preinscripcio.gencat.cat\/ca\/estudis\/infantil-3-6\/preinscriute\/seguiment-sollicitud\/llista-ordenada\/\">https:\/\/preinscripcio.gencat.cat\/ca\/estudis\/infantil-3-6\/preinscriute\/seguiment-sollicitud\/llista-ordenada\/<\/a><br \/>\n&nbsp;<br \/>\nCONVOCAT\u00d2RIA PER A LA CONCESSI\u00d3 D&#8217;AJUTS INDIVIDUALS DE MENJADOR. CURS 2021-2022<br \/>\nL\u2019AMB (\u00c0rea Metropolitana de Barcelona) ja ha publicat la convocat\u00f2ria de&hellip;  <a href=\"https:\/\/agora.xtec.cat\/escolapacocandel\/general\/consulta-la-llista-de-sol%c2%b7licituds-ordenada\/\" title=\"Read Consulta llista sol\u00b7licitud ordenada\">Llegeix m\u00e9s\u00bb<\/a><\/p>\n","protected":false},"author":1,"featured_media":0,"comment_status":"closed","ping_status":"closed","sticky":false,"template":"","format":"standard","meta":{"_bbp_topic_count":0,"_bbp_reply_count":0,"_bbp_total_topic_count":0,"_bbp_total_reply_count":0,"_bbp_voice_count":0,"_bbp_anonymous_reply_count":0,"_bbp_topic_count_hidden":0,"_bbp_reply_count_hidden":0,"_bbp_forum_subforum_count":0,"footnotes":""},"categories":[1,4],"tags":[],"class_list":["post-1339","post","type-post","status-publish","format-standard","hentry","category-general","category-portada"],"post_mailing_queue_ids":[],"_links":{"self":[{"href":"https:\/\/agora.xtec.cat\/escolapacocandel\/wp-json\/wp\/v2\/posts\/1339","targetHints":{"allow":["GET"]}}],"collection":[{"href":"https:\/\/agora.xtec.cat\/escolapacocandel\/wp-json\/wp\/v2\/posts"}],"about":[{"href":"https:\/\/agora.xtec.cat\/escolapacocandel\/wp-json\/wp\/v2\/types\/post"}],"author":[{"embeddable":true,"href":"https:\/\/agora.xtec.cat\/escolapacocandel\/wp-json\/wp\/v2\/users\/1"}],"replies":[{"embeddable":true,"href":"https:\/\/agora.xtec.cat\/escolapacocandel\/wp-json\/wp\/v2\/comments?post=1339"}],"version-history":[{"count":2,"href":"https:\/\/agora.xtec.cat\/escolapacocandel\/wp-json\/wp\/v2\/posts\/1339\/revisions"}],"predecessor-version":[{"id":5097,"href":"https:\/\/agora.xtec.cat\/escolapacocandel\/wp-json\/wp\/v2\/posts\/1339\/revisions\/5097"}],"wp:attachment":[{"href":"https:\/\/agora.xtec.cat\/escolapacocandel\/wp-json\/wp\/v2\/media?parent=1339"}],"wp:term":[{"taxonomy":"category","embeddable":true,"href":"https:\/\/agora.xtec.cat\/escolapacocandel\/wp-json\/wp\/v2\/categories?post=1339"},{"taxonomy":"post_tag","embeddable":true,"href":"https:\/\/agora.xtec.cat\/escolapacocandel\/wp-json\/wp\/v2\/tags?post=1339"}],"curies":[{"name":"wp","href":"https:\/\/api.w.org\/{rel}","templated":true}]}}