{"id":1317,"date":"2021-03-11T22:35:36","date_gmt":"2021-03-11T21:35:36","guid":{"rendered":"http:\/\/agora.xtec.cat\/escolapacocandel\/?p=1317"},"modified":"2021-11-15T23:30:46","modified_gmt":"2021-11-15T22:30:46","slug":"novetats-preinscripcio","status":"publish","type":"post","link":"https:\/\/agora.xtec.cat\/escolapacocandel\/general\/novetats-preinscripcio\/","title":{"rendered":"Novetats preinscripci\u00f3"},"content":{"rendered":"<p>Benvolgudes fam\u00edlies<\/p>\n<p>Hem penjat avui mateix l&#8217;oferta de places a l&#8217;apartat de preinscripci\u00f3 escolar (Calendari)<\/p>\n<p>Tamb\u00e9 hem penjat el v\u00eddeo de la sessi\u00f3 del dia 9 de mar\u00e7 a l&#8217;apartat &#8220;<a href=\"http:\/\/agora.xtec.cat\/escolapacocandel\/preinscripcio-escolar-curs-2021-22\/reunions-telematiques\/\">Reunions telem\u00e0tiques<\/a>&#8220;.<\/p>\n","protected":false},"excerpt":{"rendered":"<p>Benvolgudes fam\u00edlies<br \/>\nHem penjat avui mateix l&#8217;oferta de places a l&#8217;apartat de preinscripci\u00f3 escolar (Calendari)<br \/>\nTamb\u00e9 hem penjat el v\u00eddeo de la sessi\u00f3 del dia 9 de mar\u00e7 a l&#8217;apartat &#8220;<a href=\"http:\/\/agora.xtec.cat\/escolapacocandel\/preinscripcio-escolar-curs-2021-22\/reunions-telematiques\/\">Reunions telem\u00e0tiques<\/a>&#8220;.<\/p>\n","protected":false},"author":1,"featured_media":0,"comment_status":"closed","ping_status":"closed","sticky":false,"template":"","format":"standard","meta":{"_bbp_topic_count":0,"_bbp_reply_count":0,"_bbp_total_topic_count":0,"_bbp_total_reply_count":0,"_bbp_voice_count":0,"_bbp_anonymous_reply_count":0,"_bbp_topic_count_hidden":0,"_bbp_reply_count_hidden":0,"_bbp_forum_subforum_count":0,"footnotes":""},"categories":[1,4],"tags":[],"class_list":["post-1317","post","type-post","status-publish","format-standard","hentry","category-general","category-portada"],"post_mailing_queue_ids":[],"_links":{"self":[{"href":"https:\/\/agora.xtec.cat\/escolapacocandel\/wp-json\/wp\/v2\/posts\/1317","targetHints":{"allow":["GET"]}}],"collection":[{"href":"https:\/\/agora.xtec.cat\/escolapacocandel\/wp-json\/wp\/v2\/posts"}],"about":[{"href":"https:\/\/agora.xtec.cat\/escolapacocandel\/wp-json\/wp\/v2\/types\/post"}],"author":[{"embeddable":true,"href":"https:\/\/agora.xtec.cat\/escolapacocandel\/wp-json\/wp\/v2\/users\/1"}],"replies":[{"embeddable":true,"href":"https:\/\/agora.xtec.cat\/escolapacocandel\/wp-json\/wp\/v2\/comments?post=1317"}],"version-history":[{"count":3,"href":"https:\/\/agora.xtec.cat\/escolapacocandel\/wp-json\/wp\/v2\/posts\/1317\/revisions"}],"predecessor-version":[{"id":5099,"href":"https:\/\/agora.xtec.cat\/escolapacocandel\/wp-json\/wp\/v2\/posts\/1317\/revisions\/5099"}],"wp:attachment":[{"href":"https:\/\/agora.xtec.cat\/escolapacocandel\/wp-json\/wp\/v2\/media?parent=1317"}],"wp:term":[{"taxonomy":"category","embeddable":true,"href":"https:\/\/agora.xtec.cat\/escolapacocandel\/wp-json\/wp\/v2\/categories?post=1317"},{"taxonomy":"post_tag","embeddable":true,"href":"https:\/\/agora.xtec.cat\/escolapacocandel\/wp-json\/wp\/v2\/tags?post=1317"}],"curies":[{"name":"wp","href":"https:\/\/api.w.org\/{rel}","templated":true}]}}