{"id":10568,"date":"2026-03-17T16:04:07","date_gmt":"2026-03-17T15:04:07","guid":{"rendered":"https:\/\/agora.xtec.cat\/escolapacocandel\/?p=10568"},"modified":"2026-03-17T16:04:41","modified_gmt":"2026-03-17T15:04:41","slug":"manifest-per-una-educacio-publica-digna","status":"publish","type":"post","link":"https:\/\/agora.xtec.cat\/escolapacocandel\/comunitat-de-mitjans\/manifest-per-una-educacio-publica-digna\/","title":{"rendered":"MANIFEST PER UNA EDUCACI\u00d3 P\u00daBLICA DIGNA"},"content":{"rendered":"\n<p>Parlem des de les aules, des dels passadissos dels centres educatius, des del dia a dia<br>amb l\u2019alumnat. Parlem des de la vocaci\u00f3, per\u00f2 tamb\u00e9 des del cansament acumulat.<br>Cada dia intentem donar el millor de nosaltres. Acompanyem, eduquem, escoltem,<br>cuidem i intentem arribar a tot l\u2019alumnat. Creiem en l\u2019escola p\u00fablica i en el seu paper<br>transformador. Per\u00f2 cada vegada se\u2019ns demana m\u00e9s i en l&#8217;\u00e0mbit social, tothom opina.<br>Se\u2019ns exigeix m\u00e9s responsabilitats, m\u00e9s atenci\u00f3 a la diversitat, m\u00e9s gesti\u00f3 emocional,<br>m\u00e9s informes, m\u00e9s burocr\u00e0cia\u2026 I tot aix\u00f2, massa sovint, amb menys recursos i menys<br>suport.<br>Tot i que s\u2019han anunciat alguns acords per part del Govern, considerem que aquestes<br>mesures encara s\u00f3n insuficients, poc concretes i plantejades a massa llarg termini.<br>No podem continuar sostenint el sistema nom\u00e9s amb la nostra implicaci\u00f3 personal i<br>vocacional.<br>No podem continuar assumint responsabilitats extraordin\u00e0ries sense tenir unes<br>condicions laborals dignes.<br>No demanem privilegis. Demanem all\u00f2 que \u00e9s imprescindible per poder fer b\u00e9 la nostra<br>feina i garantir una educaci\u00f3 p\u00fablica de qualitat per a tots els infants.<\/p>\n\n\n\n<p>\u25cf Reduir les r\u00e0tios per poder oferir una atenci\u00f3 adequada a l\u2019alumnat.<br>\u25cf Incrementar els recursos humans i materials als centres: m\u00e9s professionals de suport, m\u00e9s eines per atendre la diversitat, m\u00e9s orientaci\u00f3 educativa i millors condicions per al personal d\u2019atenci\u00f3 educativa. Una inclusi\u00f3 real nom\u00e9s \u00e9s possible amb recursos reals.<br>\u25cf Disminuir la c\u00e0rrega burocr\u00e0tica que ens allunya de la nostra tasca principal: educar, acompanyar i estar presents per a l\u2019alumnat.<br>\u25cf Recuperar el poder adquisitiu i garantir salaris dignes, en conson\u00e0ncia amb la responsabilitat de la nostra feina.<\/p>\n\n\n\n<p>L\u2019educaci\u00f3 p\u00fablica \u00e9s un dels pilars fonamentals de la nostra societat. Per\u00f2 per sostenir-la, cal tamb\u00e9 cuidar totes les persones que la fan possible: vetlladors i vetlladores, personal de monitoratge, PAE (personal d\u2019atenci\u00f3 educativa), PAS (personal d\u2019administraci\u00f3 i serveis) i docents.<\/p>\n\n\n\n<p>Continuarem defensant l\u2019escola p\u00fablica: amb recursos suficients, amb respecte i amb unes condicions laborals dignes.<\/p>\n\n\n\n<p>Finalment, exigim que els diners corresponents a les jornades de vaga que no percebem reverteixin directament en els centres educatius.<\/p>\n\n\n\n<p><strong>EQUIP ESCOLA PACO CANDEL<\/strong><\/p>\n\n\n\n<p>Per\u00f2 no ho podem fer soles. Us necessitem.<\/p>\n","protected":false},"excerpt":{"rendered":"<p>Parlem des de les aules, des dels passadissos dels centres educatius, des del dia a diaamb l\u2019alumnat. Parlem des de la vocaci\u00f3, per\u00f2 tamb\u00e9 des del cansament acumulat.Cada dia intentem donar el millor de nosaltres. Acompanyem, eduquem, escoltem,cuidem i intentem arribar a tot l\u2019alumnat. Creiem&hellip;  <a href=\"https:\/\/agora.xtec.cat\/escolapacocandel\/comunitat-de-mitjans\/manifest-per-una-educacio-publica-digna\/\" title=\"Read MANIFEST PER UNA EDUCACI\u00d3 P\u00daBLICA DIGNA\">Llegeix m\u00e9s\u00bb<\/a><\/p>\n","protected":false},"author":25,"featured_media":10569,"comment_status":"open","ping_status":"open","sticky":false,"template":"","format":"standard","meta":{"_bbp_topic_count":0,"_bbp_reply_count":0,"_bbp_total_topic_count":0,"_bbp_total_reply_count":0,"_bbp_voice_count":0,"_bbp_anonymous_reply_count":0,"_bbp_topic_count_hidden":0,"_bbp_reply_count_hidden":0,"_bbp_forum_subforum_count":0,"footnotes":""},"categories":[129,127,128],"tags":[],"class_list":["post-10568","post","type-post","status-publish","format-standard","has-post-thumbnail","hentry","category-comunitat-de-grans","category-comunitat-de-mitjans","category-comunitat-de-petits"],"post_mailing_queue_ids":[],"_links":{"self":[{"href":"https:\/\/agora.xtec.cat\/escolapacocandel\/wp-json\/wp\/v2\/posts\/10568","targetHints":{"allow":["GET"]}}],"collection":[{"href":"https:\/\/agora.xtec.cat\/escolapacocandel\/wp-json\/wp\/v2\/posts"}],"about":[{"href":"https:\/\/agora.xtec.cat\/escolapacocandel\/wp-json\/wp\/v2\/types\/post"}],"author":[{"embeddable":true,"href":"https:\/\/agora.xtec.cat\/escolapacocandel\/wp-json\/wp\/v2\/users\/25"}],"replies":[{"embeddable":true,"href":"https:\/\/agora.xtec.cat\/escolapacocandel\/wp-json\/wp\/v2\/comments?post=10568"}],"version-history":[{"count":1,"href":"https:\/\/agora.xtec.cat\/escolapacocandel\/wp-json\/wp\/v2\/posts\/10568\/revisions"}],"predecessor-version":[{"id":10570,"href":"https:\/\/agora.xtec.cat\/escolapacocandel\/wp-json\/wp\/v2\/posts\/10568\/revisions\/10570"}],"wp:featuredmedia":[{"embeddable":true,"href":"https:\/\/agora.xtec.cat\/escolapacocandel\/wp-json\/wp\/v2\/media\/10569"}],"wp:attachment":[{"href":"https:\/\/agora.xtec.cat\/escolapacocandel\/wp-json\/wp\/v2\/media?parent=10568"}],"wp:term":[{"taxonomy":"category","embeddable":true,"href":"https:\/\/agora.xtec.cat\/escolapacocandel\/wp-json\/wp\/v2\/categories?post=10568"},{"taxonomy":"post_tag","embeddable":true,"href":"https:\/\/agora.xtec.cat\/escolapacocandel\/wp-json\/wp\/v2\/tags?post=10568"}],"curies":[{"name":"wp","href":"https:\/\/api.w.org\/{rel}","templated":true}]}}