{"id":10546,"date":"2026-03-12T09:48:17","date_gmt":"2026-03-12T08:48:17","guid":{"rendered":"https:\/\/agora.xtec.cat\/escolapacocandel\/?p=10546"},"modified":"2026-03-12T09:50:31","modified_gmt":"2026-03-12T08:50:31","slug":"el-meu-amic-el-sol","status":"publish","type":"post","link":"https:\/\/agora.xtec.cat\/escolapacocandel\/comunitat-de-grans\/el-meu-amic-el-sol\/","title":{"rendered":"El meu amic el Sol"},"content":{"rendered":"\n<p>Benvolgudes fam\u00edlies, aqu\u00ed teniu l&#8217;article que ens han realitzat els docents del camp d&#8217;aprenentatge de Can Santoi on s&#8217;explica molt b\u00e9 la viv\u00e8ncia que hi vam tenir per aprendre sobre l&#8217;energia solar a trav\u00e9s de l&#8217;activitat &#8220;El meu amic el sol&#8221;. <\/p>\n\n\n\n<p>Tamb\u00e9 hi trobareu l&#8217;\u00e0lbum de fotografies per gaudir conjuntament \ud83d\ude42<\/p>\n\n\n\n<figure class=\"wp-block-embed is-type-wp-embed is-provider-camp-d-039-aprenentatge-de-can-santoi wp-block-embed-camp-d-039-aprenentatge-de-can-santoi\"><div class=\"wp-block-embed__wrapper\">\n<blockquote class=\"wp-embedded-content\" data-secret=\"CqUCd5jH4C\"><a href=\"https:\/\/serveiseducatius.xtec.cat\/cda-cansantoi\/general\/llum-i-calor-amb-lalumnat-de-lescola-paco-candel\/\">Llum i calor amb l&#8217;alumnat de l&#8217;escola Paco Candel<\/a><\/blockquote><iframe loading=\"lazy\" class=\"wp-embedded-content\" sandbox=\"allow-scripts\" security=\"restricted\" style=\"position: absolute; visibility: hidden;\" title=\"&#8220;Llum i calor amb l&#8217;alumnat de l&#8217;escola Paco Candel&#8221; &#8212; Camp d&#039;Aprenentatge de Can Santoi\" src=\"https:\/\/serveiseducatius.xtec.cat\/cda-cansantoi\/general\/llum-i-calor-amb-lalumnat-de-lescola-paco-candel\/embed\/#?secret=LML4PNtirp#?secret=CqUCd5jH4C\" data-secret=\"CqUCd5jH4C\" width=\"500\" height=\"282\" frameborder=\"0\" marginwidth=\"0\" marginheight=\"0\" scrolling=\"no\"><\/iframe>\n<\/div><\/figure>\n\n\n\n<figure class=\"wp-block-embed is-type-wp-embed is-provider-escola-paco-candel wp-block-embed-escola-paco-candel\"><div class=\"wp-block-embed__wrapper\">\n<blockquote class=\"wp-embedded-content\" data-secret=\"T8L6lImzl8\"><a href=\"https:\/\/agora.xtec.cat\/escolapacocandel\/fotos-privat\/fotos-cansantoi-6e\/\">Protegit: FOTOS CANSANTOI 6\u00e8<\/a><\/blockquote><iframe loading=\"lazy\" class=\"wp-embedded-content\" sandbox=\"allow-scripts\" security=\"restricted\" style=\"position: absolute; visibility: hidden;\" title=\"&#8220;Protegit: FOTOS CANSANTOI 6\u00e8&#8221; &#8212; Escola Paco Candel\" src=\"https:\/\/agora.xtec.cat\/escolapacocandel\/fotos-privat\/fotos-cansantoi-6e\/embed\/#?secret=SUt5rTeE8U#?secret=T8L6lImzl8\" data-secret=\"T8L6lImzl8\" width=\"500\" height=\"282\" frameborder=\"0\" marginwidth=\"0\" marginheight=\"0\" scrolling=\"no\"><\/iframe>\n<\/div><\/figure>\n","protected":false},"excerpt":{"rendered":"<p>Benvolgudes fam\u00edlies, aqu\u00ed teniu l&#8217;article que ens han realitzat els docents del camp d&#8217;aprenentatge de Can Santoi on s&#8217;explica molt b\u00e9 la viv\u00e8ncia que hi vam tenir per aprendre sobre l&#8217;energia solar a trav\u00e9s de l&#8217;activitat &#8220;El meu amic el sol&#8221;. <\/p>\n<p>Tamb\u00e9 hi trobareu l&#8217;\u00e0lbum&hellip;  <a href=\"https:\/\/agora.xtec.cat\/escolapacocandel\/comunitat-de-grans\/el-meu-amic-el-sol\/\" title=\"Read El meu amic el Sol\">Llegeix m\u00e9s\u00bb<\/a><\/p>\n","protected":false},"author":27,"featured_media":10551,"comment_status":"open","ping_status":"open","sticky":false,"template":"","format":"standard","meta":{"_bbp_topic_count":0,"_bbp_reply_count":0,"_bbp_total_topic_count":0,"_bbp_total_reply_count":0,"_bbp_voice_count":0,"_bbp_anonymous_reply_count":0,"_bbp_topic_count_hidden":0,"_bbp_reply_count_hidden":0,"_bbp_forum_subforum_count":0,"footnotes":""},"categories":[129,146],"tags":[221,223,202,222,92],"class_list":["post-10546","post","type-post","status-publish","format-standard","has-post-thumbnail","hentry","category-comunitat-de-grans","category-6e","tag-campdaprenentatge","tag-cansantoi","tag-comunitatdegrans","tag-projectes","tag-sortides"],"post_mailing_queue_ids":[],"_links":{"self":[{"href":"https:\/\/agora.xtec.cat\/escolapacocandel\/wp-json\/wp\/v2\/posts\/10546","targetHints":{"allow":["GET"]}}],"collection":[{"href":"https:\/\/agora.xtec.cat\/escolapacocandel\/wp-json\/wp\/v2\/posts"}],"about":[{"href":"https:\/\/agora.xtec.cat\/escolapacocandel\/wp-json\/wp\/v2\/types\/post"}],"author":[{"embeddable":true,"href":"https:\/\/agora.xtec.cat\/escolapacocandel\/wp-json\/wp\/v2\/users\/27"}],"replies":[{"embeddable":true,"href":"https:\/\/agora.xtec.cat\/escolapacocandel\/wp-json\/wp\/v2\/comments?post=10546"}],"version-history":[{"count":2,"href":"https:\/\/agora.xtec.cat\/escolapacocandel\/wp-json\/wp\/v2\/posts\/10546\/revisions"}],"predecessor-version":[{"id":10552,"href":"https:\/\/agora.xtec.cat\/escolapacocandel\/wp-json\/wp\/v2\/posts\/10546\/revisions\/10552"}],"wp:featuredmedia":[{"embeddable":true,"href":"https:\/\/agora.xtec.cat\/escolapacocandel\/wp-json\/wp\/v2\/media\/10551"}],"wp:attachment":[{"href":"https:\/\/agora.xtec.cat\/escolapacocandel\/wp-json\/wp\/v2\/media?parent=10546"}],"wp:term":[{"taxonomy":"category","embeddable":true,"href":"https:\/\/agora.xtec.cat\/escolapacocandel\/wp-json\/wp\/v2\/categories?post=10546"},{"taxonomy":"post_tag","embeddable":true,"href":"https:\/\/agora.xtec.cat\/escolapacocandel\/wp-json\/wp\/v2\/tags?post=10546"}],"curies":[{"name":"wp","href":"https:\/\/api.w.org\/{rel}","templated":true}]}}