{"id":10543,"date":"2026-03-13T09:00:00","date_gmt":"2026-03-13T08:00:00","guid":{"rendered":"https:\/\/agora.xtec.cat\/escolapacocandel\/?p=10543"},"modified":"2026-03-11T21:00:08","modified_gmt":"2026-03-11T20:00:08","slug":"lab-0-6-manresa","status":"publish","type":"post","link":"https:\/\/agora.xtec.cat\/escolapacocandel\/comunitat-de-petits\/lab-0-6-manresa\/","title":{"rendered":"LAB 0-6 Manresa"},"content":{"rendered":"\n<figure class=\"wp-block-image size-full is-resized\"><a href=\"https:\/\/agora.xtec.cat\/escolapacocandel\/wp-content\/uploads\/usu332\/2026\/03\/lab-6-8.jpg\"><img loading=\"lazy\" decoding=\"async\" width=\"1000\" height=\"667\" src=\"https:\/\/agora.xtec.cat\/escolapacocandel\/wp-content\/uploads\/usu332\/2026\/03\/lab-6-8.jpg\" alt=\"\" class=\"wp-image-10544\" style=\"width:555px;height:auto\" srcset=\"https:\/\/agora.xtec.cat\/escolapacocandel\/wp-content\/uploads\/usu332\/2026\/03\/lab-6-8.jpg 1000w, https:\/\/agora.xtec.cat\/escolapacocandel\/wp-content\/uploads\/usu332\/2026\/03\/lab-6-8-300x200.jpg 300w, https:\/\/agora.xtec.cat\/escolapacocandel\/wp-content\/uploads\/usu332\/2026\/03\/lab-6-8-768x512.jpg 768w\" sizes=\"auto, (max-width: 1000px) 100vw, 1000px\" \/><\/a><\/figure>\n\n\n\n<p><\/p>\n\n\n\n<p class=\"has-text-align-left\">Els infants de 5 anys s&#8217;han convertit en cient\u00edfics per un dia al Lab 0-6 de Manresa! Aquest espai de recerca i investigaci\u00f3 ha perm\u00e8s als nens i nenes, cient\u00edfics per naturalesa per la seva curiositat i ment oberta, gaudir d&#8217;una jornada en qu\u00e8 el descobriment ha estat el protagonista.<\/p>\n\n\n\n<p class=\"has-text-align-left\">En un primer moment de descoberta lliure, han interactuat amb circuits el\u00e8ctrics, imants, balances i pesos. Amb lupes, han observat minerals i analitzat radiografies o restes d&#8217;\u00e9ssers vius com pells, ossos i nius. Tamb\u00e9 han experimentat amb la llum, la foscor, la transpar\u00e8ncia o l&#8217;opacitat, aix\u00ed com amb la traject\u00f2ria de les boles creant circuits inclinats. Aquesta aproximaci\u00f3 a la &#8220;ci\u00e8ncia de la quotidianitat&#8221; els ajuda a construir &#8220;maneres de mirar&#8221; els fen\u00f2mens del m\u00f3n natural que ens envolta.<\/p>\n\n\n\n<p class=\"has-text-align-left\">Posteriorment, al taller, han treballat la import\u00e0ncia de fer hip\u00f2tesis. A partir de preguntes obertes com &#8220;tu qu\u00e8 creus?&#8221;, han hagut d&#8217;investigar el contingut de capses misterioses a trav\u00e9s del soroll i el pes. El fet de comprovar aquestes idees a trav\u00e9s de l&#8217;acci\u00f3 directa permet que l&#8217;infant sigui el protagonista del seu aprenentatge, entenent que la incertesa i l&#8217;assaig-error formen part del proc\u00e9s cient\u00edfic.<\/p>\n\n\n\n<p class=\"has-text-align-left\">Per cloure l&#8217;experi\u00e8ncia, han gaudit d&#8217;un dinar i esbarjo al Parc de l&#8217;Agulla. Una sortida fant\u00e0stica per alimentar la seva ment cient\u00edfica!<\/p>\n\n\n\n<figure class=\"wp-block-embed is-type-wp-embed is-provider-escola-paco-candel wp-block-embed-escola-paco-candel\"><div class=\"wp-block-embed__wrapper\">\n<blockquote class=\"wp-embedded-content\" data-secret=\"k2S8drI5mm\"><a href=\"https:\/\/agora.xtec.cat\/escolapacocandel\/fotos-privat\/fotos-lab-o-6-manresa\/\">Protegit: FOTOS LAB O-6 Manresa<\/a><\/blockquote><iframe loading=\"lazy\" class=\"wp-embedded-content\" sandbox=\"allow-scripts\" security=\"restricted\" style=\"position: absolute; visibility: hidden;\" title=\"&#8220;Protegit: FOTOS LAB O-6 Manresa&#8221; &#8212; Escola Paco Candel\" src=\"https:\/\/agora.xtec.cat\/escolapacocandel\/fotos-privat\/fotos-lab-o-6-manresa\/embed\/#?secret=BoxSaOOSJU#?secret=k2S8drI5mm\" data-secret=\"k2S8drI5mm\" width=\"500\" height=\"282\" frameborder=\"0\" marginwidth=\"0\" marginheight=\"0\" scrolling=\"no\"><\/iframe>\n<\/div><\/figure>\n","protected":false},"excerpt":{"rendered":"<p><a href=\"https:\/\/agora.xtec.cat\/escolapacocandel\/wp-content\/uploads\/usu332\/2026\/03\/lab-6-8.jpg\"><\/a><\/p>\n<p>Els infants de 5 anys s&#8217;han convertit en cient\u00edfics per un dia al Lab 0-6 de Manresa! Aquest espai de recerca i investigaci\u00f3 ha perm\u00e8s als nens i nenes, cient\u00edfics per naturalesa per la seva curiositat i ment oberta, gaudir d&#8217;una jornada en qu\u00e8&hellip;  <a href=\"https:\/\/agora.xtec.cat\/escolapacocandel\/comunitat-de-petits\/lab-0-6-manresa\/\" title=\"Read LAB 0-6 Manresa\">Llegeix m\u00e9s\u00bb<\/a><\/p>\n","protected":false},"author":73,"featured_media":0,"comment_status":"open","ping_status":"open","sticky":false,"template":"","format":"standard","meta":{"_bbp_topic_count":0,"_bbp_reply_count":0,"_bbp_total_topic_count":0,"_bbp_total_reply_count":0,"_bbp_voice_count":0,"_bbp_anonymous_reply_count":0,"_bbp_topic_count_hidden":0,"_bbp_reply_count_hidden":0,"_bbp_forum_subforum_count":0,"footnotes":""},"categories":[196,128],"tags":[],"class_list":["post-10543","post","type-post","status-publish","format-standard","hentry","category-5-anys","category-comunitat-de-petits"],"post_mailing_queue_ids":[],"_links":{"self":[{"href":"https:\/\/agora.xtec.cat\/escolapacocandel\/wp-json\/wp\/v2\/posts\/10543","targetHints":{"allow":["GET"]}}],"collection":[{"href":"https:\/\/agora.xtec.cat\/escolapacocandel\/wp-json\/wp\/v2\/posts"}],"about":[{"href":"https:\/\/agora.xtec.cat\/escolapacocandel\/wp-json\/wp\/v2\/types\/post"}],"author":[{"embeddable":true,"href":"https:\/\/agora.xtec.cat\/escolapacocandel\/wp-json\/wp\/v2\/users\/73"}],"replies":[{"embeddable":true,"href":"https:\/\/agora.xtec.cat\/escolapacocandel\/wp-json\/wp\/v2\/comments?post=10543"}],"version-history":[{"count":1,"href":"https:\/\/agora.xtec.cat\/escolapacocandel\/wp-json\/wp\/v2\/posts\/10543\/revisions"}],"predecessor-version":[{"id":10545,"href":"https:\/\/agora.xtec.cat\/escolapacocandel\/wp-json\/wp\/v2\/posts\/10543\/revisions\/10545"}],"wp:attachment":[{"href":"https:\/\/agora.xtec.cat\/escolapacocandel\/wp-json\/wp\/v2\/media?parent=10543"}],"wp:term":[{"taxonomy":"category","embeddable":true,"href":"https:\/\/agora.xtec.cat\/escolapacocandel\/wp-json\/wp\/v2\/categories?post=10543"},{"taxonomy":"post_tag","embeddable":true,"href":"https:\/\/agora.xtec.cat\/escolapacocandel\/wp-json\/wp\/v2\/tags?post=10543"}],"curies":[{"name":"wp","href":"https:\/\/api.w.org\/{rel}","templated":true}]}}