{"id":10517,"date":"2026-03-08T18:49:10","date_gmt":"2026-03-08T17:49:10","guid":{"rendered":"https:\/\/agora.xtec.cat\/escolapacocandel\/?p=10517"},"modified":"2026-03-08T18:49:11","modified_gmt":"2026-03-08T17:49:11","slug":"sortida-projecte-2n-parc-de-les-olors","status":"publish","type":"post","link":"https:\/\/agora.xtec.cat\/escolapacocandel\/comunitat-de-mitjans\/sortida-projecte-2n-parc-de-les-olors\/","title":{"rendered":"SORTIDA PROJECTE 2N PARC DE LES OLORS"},"content":{"rendered":"\n<p>El 23 de febrer, l&#8217;alumnat de 2n de Prim\u00e0ria va visitar el Parc de les Olors. Van poder aprendre moltes curiositats sobre les plantes, com per exemple que la s\u00e0lvia serveix per netejar les dents o que la flor de la cal\u00e8ndula \u00e9s comestible.<\/p>\n\n\n\n<p>A m\u00e9s, van fer dos tallers molt divertits: elaborar un saquet d\u2019esp\u00edgol i plantar un esqueix de roman\u00ed, que despr\u00e9s els nens i nenes van portar a casa com a record d\u2019aquest dia.<\/p>\n\n\n\n<p>Tamb\u00e9 ens van explicar la import\u00e0ncia de les abelles per a la reproducci\u00f3 de les plantes, i vam poder veure de prop (i tocar!) les cabres i les ovelles que hi tenien.<\/p>\n\n\n\n<p>Al final, els infants van poder jugar al parc i gaudir d\u2019una estona de joc en un entorn natural.<\/p>\n\n\n\n<p>Ho van passar genial! I aix\u00ed ho podeu veure a les fotos:<\/p>\n\n\n\n<figure class=\"wp-block-embed is-type-wp-embed is-provider-escola-paco-candel wp-block-embed-escola-paco-candel\"><div class=\"wp-block-embed__wrapper\">\n<blockquote class=\"wp-embedded-content\" data-secret=\"TCqxLl4Y0T\"><a href=\"https:\/\/agora.xtec.cat\/escolapacocandel\/general\/fotos-parc-de-les-olors-4\/\">Fotos parc de les olors<\/a><\/blockquote><iframe loading=\"lazy\" class=\"wp-embedded-content\" sandbox=\"allow-scripts\" security=\"restricted\" style=\"position: absolute; visibility: hidden;\" title=\"&#8220;Fotos parc de les olors&#8221; &#8212; Escola Paco Candel\" src=\"https:\/\/agora.xtec.cat\/escolapacocandel\/general\/fotos-parc-de-les-olors-4\/embed\/#?secret=BCQEsCbPVL#?secret=TCqxLl4Y0T\" data-secret=\"TCqxLl4Y0T\" width=\"500\" height=\"282\" frameborder=\"0\" marginwidth=\"0\" marginheight=\"0\" scrolling=\"no\"><\/iframe>\n<\/div><\/figure>\n\n\n\n<p><\/p>\n","protected":false},"excerpt":{"rendered":"<p>El 23 de febrer, l&#8217;alumnat de 2n de Prim\u00e0ria va visitar el Parc de les Olors. Van poder aprendre moltes curiositats sobre les plantes, com per exemple que la s\u00e0lvia serveix per netejar les dents o que la flor de la cal\u00e8ndula \u00e9s comestible.<\/p>\n<p>A m\u00e9s,&hellip;  <a href=\"https:\/\/agora.xtec.cat\/escolapacocandel\/comunitat-de-mitjans\/sortida-projecte-2n-parc-de-les-olors\/\" title=\"Read SORTIDA PROJECTE 2N PARC DE LES OLORS\">Llegeix m\u00e9s\u00bb<\/a><\/p>\n","protected":false},"author":62,"featured_media":10523,"comment_status":"open","ping_status":"open","sticky":false,"template":"","format":"standard","meta":{"_bbp_topic_count":0,"_bbp_reply_count":0,"_bbp_total_topic_count":0,"_bbp_total_reply_count":0,"_bbp_voice_count":0,"_bbp_anonymous_reply_count":0,"_bbp_topic_count_hidden":0,"_bbp_reply_count_hidden":0,"_bbp_forum_subforum_count":0,"footnotes":""},"categories":[127,137],"tags":[92],"class_list":["post-10517","post","type-post","status-publish","format-standard","has-post-thumbnail","hentry","category-comunitat-de-mitjans","category-2n","tag-sortides"],"post_mailing_queue_ids":[],"_links":{"self":[{"href":"https:\/\/agora.xtec.cat\/escolapacocandel\/wp-json\/wp\/v2\/posts\/10517","targetHints":{"allow":["GET"]}}],"collection":[{"href":"https:\/\/agora.xtec.cat\/escolapacocandel\/wp-json\/wp\/v2\/posts"}],"about":[{"href":"https:\/\/agora.xtec.cat\/escolapacocandel\/wp-json\/wp\/v2\/types\/post"}],"author":[{"embeddable":true,"href":"https:\/\/agora.xtec.cat\/escolapacocandel\/wp-json\/wp\/v2\/users\/62"}],"replies":[{"embeddable":true,"href":"https:\/\/agora.xtec.cat\/escolapacocandel\/wp-json\/wp\/v2\/comments?post=10517"}],"version-history":[{"count":4,"href":"https:\/\/agora.xtec.cat\/escolapacocandel\/wp-json\/wp\/v2\/posts\/10517\/revisions"}],"predecessor-version":[{"id":10526,"href":"https:\/\/agora.xtec.cat\/escolapacocandel\/wp-json\/wp\/v2\/posts\/10517\/revisions\/10526"}],"wp:featuredmedia":[{"embeddable":true,"href":"https:\/\/agora.xtec.cat\/escolapacocandel\/wp-json\/wp\/v2\/media\/10523"}],"wp:attachment":[{"href":"https:\/\/agora.xtec.cat\/escolapacocandel\/wp-json\/wp\/v2\/media?parent=10517"}],"wp:term":[{"taxonomy":"category","embeddable":true,"href":"https:\/\/agora.xtec.cat\/escolapacocandel\/wp-json\/wp\/v2\/categories?post=10517"},{"taxonomy":"post_tag","embeddable":true,"href":"https:\/\/agora.xtec.cat\/escolapacocandel\/wp-json\/wp\/v2\/tags?post=10517"}],"curies":[{"name":"wp","href":"https:\/\/api.w.org\/{rel}","templated":true}]}}