{"id":10505,"date":"2026-03-05T10:18:09","date_gmt":"2026-03-05T09:18:09","guid":{"rendered":"https:\/\/agora.xtec.cat\/escolapacocandel\/?p=10505"},"modified":"2026-03-05T10:18:09","modified_gmt":"2026-03-05T09:18:09","slug":"sortida-mercabarna-4t","status":"publish","type":"post","link":"https:\/\/agora.xtec.cat\/escolapacocandel\/comunitat-de-grans\/sortida-mercabarna-4t\/","title":{"rendered":"Sortida Mercabarna 4t"},"content":{"rendered":"\n<p>Els infants de 4t de prim\u00e0ria han participat en l\u2019activitat&nbsp;<strong>\u201c5 al dia\u201d<\/strong>&nbsp;a Mercabarna, en el marc del projecte d\u2019alimentaci\u00f3 i nutrici\u00f3 que estan treballant a l\u2019aula.<\/p>\n\n\n\n<p>Al llarg de la visita, han pogut con\u00e8ixer millor la import\u00e0ncia de consumir cinc racions di\u00e0ries de fruites i hortalisses, aix\u00ed com descobrir curiositats sobre el seu origen, les propietats nutricionals i els beneficis per a la salut. Tamb\u00e9 han visitat els diferents pavellons del mercat, on han observat de prop la gran varietat de productes frescos que s\u2019hi distribueixen cada dia.<\/p>\n\n\n\n<p>Per acabar l\u2019activitat, han fet un tastet de fruites i hortalisses, posant en pr\u00e0ctica tot all\u00f2 que han apr\u00e8s i provat nous sabors.<\/p>\n\n\n\n<p>Una experi\u00e8ncia saludable, educativa i molt saborosa!<\/p>\n\n\n\n<figure class=\"wp-block-embed is-type-wp-embed is-provider-escola-paco-candel wp-block-embed-escola-paco-candel\"><div class=\"wp-block-embed__wrapper\">\n<blockquote class=\"wp-embedded-content\" data-secret=\"XI3W6zJ8sL\"><a href=\"https:\/\/agora.xtec.cat\/escolapacocandel\/fotos-privat\/fotos-mercabarna-2\/\">Protegit: FOTOS MERCABARNA<\/a><\/blockquote><iframe loading=\"lazy\" class=\"wp-embedded-content\" sandbox=\"allow-scripts\" security=\"restricted\" style=\"position: absolute; visibility: hidden;\" title=\"&#8220;Protegit: FOTOS MERCABARNA&#8221; &#8212; Escola Paco Candel\" src=\"https:\/\/agora.xtec.cat\/escolapacocandel\/fotos-privat\/fotos-mercabarna-2\/embed\/#?secret=9Zw4CaCvCX#?secret=XI3W6zJ8sL\" data-secret=\"XI3W6zJ8sL\" width=\"500\" height=\"282\" frameborder=\"0\" marginwidth=\"0\" marginheight=\"0\" scrolling=\"no\"><\/iframe>\n<\/div><\/figure>\n","protected":false},"excerpt":{"rendered":"<p>Els infants de 4t de prim\u00e0ria han participat en l\u2019activitat&nbsp;\u201c5 al dia\u201d&nbsp;a Mercabarna, en el marc del projecte d\u2019alimentaci\u00f3 i nutrici\u00f3 que estan treballant a l\u2019aula.<\/p>\n<p>Al llarg de la visita, han pogut con\u00e8ixer millor la import\u00e0ncia de consumir cinc racions di\u00e0ries de fruites i hortalisses,&hellip;  <a href=\"https:\/\/agora.xtec.cat\/escolapacocandel\/comunitat-de-grans\/sortida-mercabarna-4t\/\" title=\"Read Sortida Mercabarna 4t\">Llegeix m\u00e9s\u00bb<\/a><\/p>\n","protected":false},"author":21,"featured_media":10506,"comment_status":"open","ping_status":"open","sticky":false,"template":"","format":"standard","meta":{"_bbp_topic_count":0,"_bbp_reply_count":0,"_bbp_total_topic_count":0,"_bbp_total_reply_count":0,"_bbp_voice_count":0,"_bbp_anonymous_reply_count":0,"_bbp_topic_count_hidden":0,"_bbp_reply_count_hidden":0,"_bbp_forum_subforum_count":0,"footnotes":""},"categories":[129,143],"tags":[],"class_list":["post-10505","post","type-post","status-publish","format-standard","has-post-thumbnail","hentry","category-comunitat-de-grans","category-4t"],"post_mailing_queue_ids":[],"_links":{"self":[{"href":"https:\/\/agora.xtec.cat\/escolapacocandel\/wp-json\/wp\/v2\/posts\/10505","targetHints":{"allow":["GET"]}}],"collection":[{"href":"https:\/\/agora.xtec.cat\/escolapacocandel\/wp-json\/wp\/v2\/posts"}],"about":[{"href":"https:\/\/agora.xtec.cat\/escolapacocandel\/wp-json\/wp\/v2\/types\/post"}],"author":[{"embeddable":true,"href":"https:\/\/agora.xtec.cat\/escolapacocandel\/wp-json\/wp\/v2\/users\/21"}],"replies":[{"embeddable":true,"href":"https:\/\/agora.xtec.cat\/escolapacocandel\/wp-json\/wp\/v2\/comments?post=10505"}],"version-history":[{"count":1,"href":"https:\/\/agora.xtec.cat\/escolapacocandel\/wp-json\/wp\/v2\/posts\/10505\/revisions"}],"predecessor-version":[{"id":10507,"href":"https:\/\/agora.xtec.cat\/escolapacocandel\/wp-json\/wp\/v2\/posts\/10505\/revisions\/10507"}],"wp:featuredmedia":[{"embeddable":true,"href":"https:\/\/agora.xtec.cat\/escolapacocandel\/wp-json\/wp\/v2\/media\/10506"}],"wp:attachment":[{"href":"https:\/\/agora.xtec.cat\/escolapacocandel\/wp-json\/wp\/v2\/media?parent=10505"}],"wp:term":[{"taxonomy":"category","embeddable":true,"href":"https:\/\/agora.xtec.cat\/escolapacocandel\/wp-json\/wp\/v2\/categories?post=10505"},{"taxonomy":"post_tag","embeddable":true,"href":"https:\/\/agora.xtec.cat\/escolapacocandel\/wp-json\/wp\/v2\/tags?post=10505"}],"curies":[{"name":"wp","href":"https:\/\/api.w.org\/{rel}","templated":true}]}}