{"id":10495,"date":"2026-02-24T13:39:35","date_gmt":"2026-02-24T12:39:35","guid":{"rendered":"https:\/\/agora.xtec.cat\/escolapacocandel\/?p=10495"},"modified":"2026-02-24T13:39:36","modified_gmt":"2026-02-24T12:39:36","slug":"podcast-a-la-comunitat-de-grans-2","status":"publish","type":"post","link":"https:\/\/agora.xtec.cat\/escolapacocandel\/comunitat-de-grans\/podcast-a-la-comunitat-de-grans-2\/","title":{"rendered":"P\u00f2dcast a la comunitat de grans"},"content":{"rendered":"\n<h2 class=\"wp-block-heading\">La Comunitat de Grans estrena el seu p\u00f2dcast<\/h2>\n\n\n\n<p>Aquest curs, a la <strong>Comunitat de Grans<\/strong>, hem acabat el nostre p\u00f2dcast fet amb els guions treballats a l&#8217;aula. Durant el primer trimestre i l&#8217;inici d&#8217;aquest segon, hem dedicat estones a la creaci\u00f3 i pr\u00e0ctica dels guions. Ha estat un proc\u00e9s intens i molt creatiu que hem dividit en tres etapes clau:<\/p>\n\n\n\n<h3 class=\"wp-block-heading\">1. La teoria: Com es fa la r\u00e0dio?<\/h3>\n\n\n\n<p>Tot va comen\u00e7ar entenent qu\u00e8 hi ha darrere de les ones. Vam aprendre les parts de la r\u00e0dio i del p\u00f2dcast, com es redacta una not\u00edcia per ser llegida en veu alta i quins rols s\u00f3n necessaris en un estudi de gravaci\u00f3 (locutors i locures, t\u00e8cnics de so, guionistes&#8230;).<\/p>\n\n\n\n<h3 class=\"wp-block-heading\">2. Mans a l&#8217;obra: Les falques publicit\u00e0ries<\/h3>\n\n\n\n<p>A la segona sessi\u00f3 ens vam posar davant del micr\u00f2fon per primer cop per gravar <strong>falques r\u00e0pides i creatives<\/strong>. Vam haver de treballar l\u2019entonaci\u00f3, el ritme i l\u2019\u00fas de la m\u00fasica per captar l\u2019atenci\u00f3 de l\u2019oient en pocs segons.<\/p>\n\n\n\n<h3 class=\"wp-block-heading\">3. La gravaci\u00f3 final: Neix el nostre p\u00f2dcast<\/h3>\n\n\n\n<p>Finalment, a la tercera sessi\u00f3, vam enregistrar les nostres produccions. Cada grup va preparar i gravar les seves pr\u00f2pies <strong>seccions de p\u00f2dcast<\/strong>.<\/p>\n\n\n\n<hr class=\"wp-block-separator has-alpha-channel-opacity\"\/>\n\n\n\n<h3 class=\"wp-block-heading\">Aqu\u00ed teniu l&#8217;enlla\u00e7 per escoltar els p\u00f2dcast de la comunitat de grans:<\/h3>\n\n\n\n<figure class=\"wp-block-embed is-type-wp-embed is-provider-escola-paco-candel wp-block-embed-escola-paco-candel\"><div class=\"wp-block-embed__wrapper\">\n<blockquote class=\"wp-embedded-content\" data-secret=\"A6L0UCCfJS\"><a href=\"https:\/\/agora.xtec.cat\/escolapacocandel\/fotos-privat\/podcast-a-la-comunitat-de-grans\/\">Protegit: P\u00f2dcast a la comunitat de grans<\/a><\/blockquote><iframe loading=\"lazy\" class=\"wp-embedded-content\" sandbox=\"allow-scripts\" security=\"restricted\" style=\"position: absolute; visibility: hidden;\" title=\"&#8220;Protegit: P\u00f2dcast a la comunitat de grans&#8221; &#8212; Escola Paco Candel\" src=\"https:\/\/agora.xtec.cat\/escolapacocandel\/fotos-privat\/podcast-a-la-comunitat-de-grans\/embed\/#?secret=qFmw2z3uAS#?secret=A6L0UCCfJS\" data-secret=\"A6L0UCCfJS\" width=\"500\" height=\"282\" frameborder=\"0\" marginwidth=\"0\" marginheight=\"0\" scrolling=\"no\"><\/iframe>\n<\/div><\/figure>\n\n\n\n<p>Esperem que gaudiu tant escoltant-lo com els infants fent-lo!<\/p>\n","protected":false},"excerpt":{"rendered":"<p>La Comunitat de Grans estrena el seu p\u00f2dcast<\/p>\n<p>Aquest curs, a la Comunitat de Grans, hem acabat el nostre p\u00f2dcast fet amb els guions treballats a l&#8217;aula. Durant el primer trimestre i l&#8217;inici d&#8217;aquest segon, hem dedicat estones a la creaci\u00f3 i pr\u00e0ctica dels guions. Ha&hellip;  <a href=\"https:\/\/agora.xtec.cat\/escolapacocandel\/comunitat-de-grans\/podcast-a-la-comunitat-de-grans-2\/\" title=\"Read P\u00f2dcast a la comunitat de grans\">Llegeix m\u00e9s\u00bb<\/a><\/p>\n","protected":false},"author":20,"featured_media":10496,"comment_status":"open","ping_status":"open","sticky":false,"template":"","format":"standard","meta":{"_bbp_topic_count":0,"_bbp_reply_count":0,"_bbp_total_topic_count":0,"_bbp_total_reply_count":0,"_bbp_voice_count":0,"_bbp_anonymous_reply_count":0,"_bbp_topic_count_hidden":0,"_bbp_reply_count_hidden":0,"_bbp_forum_subforum_count":0,"footnotes":""},"categories":[144,129,143,146],"tags":[],"class_list":["post-10495","post","type-post","status-publish","format-standard","has-post-thumbnail","hentry","category-5e","category-comunitat-de-grans","category-4t","category-6e"],"post_mailing_queue_ids":[],"_links":{"self":[{"href":"https:\/\/agora.xtec.cat\/escolapacocandel\/wp-json\/wp\/v2\/posts\/10495","targetHints":{"allow":["GET"]}}],"collection":[{"href":"https:\/\/agora.xtec.cat\/escolapacocandel\/wp-json\/wp\/v2\/posts"}],"about":[{"href":"https:\/\/agora.xtec.cat\/escolapacocandel\/wp-json\/wp\/v2\/types\/post"}],"author":[{"embeddable":true,"href":"https:\/\/agora.xtec.cat\/escolapacocandel\/wp-json\/wp\/v2\/users\/20"}],"replies":[{"embeddable":true,"href":"https:\/\/agora.xtec.cat\/escolapacocandel\/wp-json\/wp\/v2\/comments?post=10495"}],"version-history":[{"count":1,"href":"https:\/\/agora.xtec.cat\/escolapacocandel\/wp-json\/wp\/v2\/posts\/10495\/revisions"}],"predecessor-version":[{"id":10499,"href":"https:\/\/agora.xtec.cat\/escolapacocandel\/wp-json\/wp\/v2\/posts\/10495\/revisions\/10499"}],"wp:featuredmedia":[{"embeddable":true,"href":"https:\/\/agora.xtec.cat\/escolapacocandel\/wp-json\/wp\/v2\/media\/10496"}],"wp:attachment":[{"href":"https:\/\/agora.xtec.cat\/escolapacocandel\/wp-json\/wp\/v2\/media?parent=10495"}],"wp:term":[{"taxonomy":"category","embeddable":true,"href":"https:\/\/agora.xtec.cat\/escolapacocandel\/wp-json\/wp\/v2\/categories?post=10495"},{"taxonomy":"post_tag","embeddable":true,"href":"https:\/\/agora.xtec.cat\/escolapacocandel\/wp-json\/wp\/v2\/tags?post=10495"}],"curies":[{"name":"wp","href":"https:\/\/api.w.org\/{rel}","templated":true}]}}