{"id":10486,"date":"2026-02-20T09:24:55","date_gmt":"2026-02-20T08:24:55","guid":{"rendered":"https:\/\/agora.xtec.cat\/escolapacocandel\/?p=10486"},"modified":"2026-02-20T09:25:14","modified_gmt":"2026-02-20T08:25:14","slug":"greta-la-rateta-que-escombrava","status":"publish","type":"post","link":"https:\/\/agora.xtec.cat\/escolapacocandel\/general\/greta-la-rateta-que-escombrava\/","title":{"rendered":"Greta, la rateta que escombrava&#8230;"},"content":{"rendered":"\n<figure class=\"wp-block-image is-resized\"><img loading=\"lazy\" decoding=\"async\" width=\"778\" height=\"517\" src=\"https:\/\/agora.xtec.cat\/escolapacocandel\/wp-content\/uploads\/usu332\/2026\/02\/LA-PUNTUAL.jpg\" alt=\"\" class=\"wp-image-10482\" style=\"width:409px;height:auto\" srcset=\"https:\/\/agora.xtec.cat\/escolapacocandel\/wp-content\/uploads\/usu332\/2026\/02\/LA-PUNTUAL.jpg 778w, https:\/\/agora.xtec.cat\/escolapacocandel\/wp-content\/uploads\/usu332\/2026\/02\/LA-PUNTUAL-300x199.jpg 300w, https:\/\/agora.xtec.cat\/escolapacocandel\/wp-content\/uploads\/usu332\/2026\/02\/LA-PUNTUAL-768x510.jpg 768w\" sizes=\"auto, (max-width: 778px) 100vw, 778px\" \/><\/figure>\n\n\n\n<p>Aquesta setmana, els grups d&#8217;I5 han gaudit d&#8217;una sortida cultural i l\u00fadica molt completa. La sortida ha combinat l&#8217;apreciaci\u00f3 art\u00edstica amb el lleure a l&#8217;aire lliure, oferint als nens i nenes una experi\u00e8ncia d&#8217;aprenentatge compartida m\u00e9s enll\u00e0 de les aules.<\/p>\n\n\n\n<p>La primera parada ha estat al teatre La Puntual, un espai m\u00e0gic on l&#8217;alumnat ha gaudit de l&#8217;espectacle de titelles &#8220;Greta, la rateta que escombrava l\u2019escaleta&#8221;. Lluny de la versi\u00f3 tradicional, aquesta obra presenta la Greta com una aut\u00e8ntica artista polifac\u00e8tica: malabarista, trapezista i equilibrista que, a m\u00e9s a m\u00e9s, s&#8217;encarrega d&#8217;escombrar el teatre.<\/p>\n\n\n\n<p>La hist\u00f2ria comen\u00e7a quan la protagonista troba un dineret sota l&#8217;escenari. Tot i que el seu amic Rinaldo li suggereix comprar-se un llacet per a la cua, la Greta t\u00e9 un objectiu molt m\u00e9s ambici\u00f3s: utilitzar la moneda per fer realitat el seu somni i muntar un gran espectacle de varietats.<\/p>\n\n\n\n<p>L&#8217;experi\u00e8ncia ha estat especialment enriquidora gr\u00e0cies a la tasca dels dos titellaires, que han mantingut una interacci\u00f3 constant amb el p\u00fablic. Abans de comen\u00e7ar, els artistes han presentat l&#8217;obra als infants, creant un clima d&#8217;expectaci\u00f3 i calidesa. En acabar la funci\u00f3, s&#8217;ha obert un espai de di\u00e0leg on els infants han pogut fer preguntes i compartir quins havien estat els seus moments preferits de la funci\u00f3.<\/p>\n\n\n\n<p>Amb el bon regust de boca de l&#8217;espectacle, el grup ha passejat fins al Parc de la Ciutadella. All\u00e0, aprofitant un dia radiant i assolellat, han gaudit d&#8217;un p\u00edcnic a la gespa. La jornada ha finalitzat amb una estona de joc lliure i conviv\u00e8ncia, tancant aix\u00ed una sortida rodona on la cultura, l&#8217;autonomia i la diversi\u00f3 han estat les grans protagonistes.<\/p>\n\n\n\n<figure class=\"wp-block-embed is-type-wp-embed is-provider-escola-paco-candel wp-block-embed-escola-paco-candel\"><div class=\"wp-block-embed__wrapper\">\n<blockquote class=\"wp-embedded-content\" data-secret=\"hDzRYHr80M\"><a href=\"https:\/\/agora.xtec.cat\/escolapacocandel\/fotos-privat\/fotos-i5-a-la-puntual\/\">Protegit: FOTOS: I5 a La Puntual<\/a><\/blockquote><iframe loading=\"lazy\" class=\"wp-embedded-content\" sandbox=\"allow-scripts\" security=\"restricted\" style=\"position: absolute; visibility: hidden;\" title=\"&#8220;Protegit: FOTOS: I5 a La Puntual&#8221; &#8212; Escola Paco Candel\" src=\"https:\/\/agora.xtec.cat\/escolapacocandel\/fotos-privat\/fotos-i5-a-la-puntual\/embed\/#?secret=9mS9RtT8ax#?secret=hDzRYHr80M\" data-secret=\"hDzRYHr80M\" width=\"500\" height=\"282\" frameborder=\"0\" marginwidth=\"0\" marginheight=\"0\" scrolling=\"no\"><\/iframe>\n<\/div><\/figure>\n","protected":false},"excerpt":{"rendered":"<p>Aquesta setmana, els grups d&#8217;I5 han gaudit d&#8217;una sortida cultural i l\u00fadica molt completa. La sortida ha combinat l&#8217;apreciaci\u00f3 art\u00edstica amb el lleure a l&#8217;aire lliure, oferint als nens i nenes una experi\u00e8ncia d&#8217;aprenentatge compartida m\u00e9s enll\u00e0 de les aules.<\/p>\n<p>La primera parada ha estat al&hellip;  <a href=\"https:\/\/agora.xtec.cat\/escolapacocandel\/general\/greta-la-rateta-que-escombrava\/\" title=\"Read Greta, la rateta que escombrava&#8230;\">Llegeix m\u00e9s\u00bb<\/a><\/p>\n","protected":false},"author":73,"featured_media":0,"comment_status":"open","ping_status":"open","sticky":false,"template":"","format":"standard","meta":{"_bbp_topic_count":0,"_bbp_reply_count":0,"_bbp_total_topic_count":0,"_bbp_total_reply_count":0,"_bbp_voice_count":0,"_bbp_anonymous_reply_count":0,"_bbp_topic_count_hidden":0,"_bbp_reply_count_hidden":0,"_bbp_forum_subforum_count":0,"footnotes":""},"categories":[196,128,1],"tags":[],"class_list":["post-10486","post","type-post","status-publish","format-standard","hentry","category-5-anys","category-comunitat-de-petits","category-general"],"post_mailing_queue_ids":[],"_links":{"self":[{"href":"https:\/\/agora.xtec.cat\/escolapacocandel\/wp-json\/wp\/v2\/posts\/10486","targetHints":{"allow":["GET"]}}],"collection":[{"href":"https:\/\/agora.xtec.cat\/escolapacocandel\/wp-json\/wp\/v2\/posts"}],"about":[{"href":"https:\/\/agora.xtec.cat\/escolapacocandel\/wp-json\/wp\/v2\/types\/post"}],"author":[{"embeddable":true,"href":"https:\/\/agora.xtec.cat\/escolapacocandel\/wp-json\/wp\/v2\/users\/73"}],"replies":[{"embeddable":true,"href":"https:\/\/agora.xtec.cat\/escolapacocandel\/wp-json\/wp\/v2\/comments?post=10486"}],"version-history":[{"count":1,"href":"https:\/\/agora.xtec.cat\/escolapacocandel\/wp-json\/wp\/v2\/posts\/10486\/revisions"}],"predecessor-version":[{"id":10487,"href":"https:\/\/agora.xtec.cat\/escolapacocandel\/wp-json\/wp\/v2\/posts\/10486\/revisions\/10487"}],"wp:attachment":[{"href":"https:\/\/agora.xtec.cat\/escolapacocandel\/wp-json\/wp\/v2\/media?parent=10486"}],"wp:term":[{"taxonomy":"category","embeddable":true,"href":"https:\/\/agora.xtec.cat\/escolapacocandel\/wp-json\/wp\/v2\/categories?post=10486"},{"taxonomy":"post_tag","embeddable":true,"href":"https:\/\/agora.xtec.cat\/escolapacocandel\/wp-json\/wp\/v2\/tags?post=10486"}],"curies":[{"name":"wp","href":"https:\/\/api.w.org\/{rel}","templated":true}]}}