{"id":10456,"date":"2026-02-05T10:47:23","date_gmt":"2026-02-05T09:47:23","guid":{"rendered":"https:\/\/agora.xtec.cat\/escolapacocandel\/?p=10456"},"modified":"2026-02-05T10:47:23","modified_gmt":"2026-02-05T09:47:23","slug":"sortida-al-museu-de-matematiques-4t","status":"publish","type":"post","link":"https:\/\/agora.xtec.cat\/escolapacocandel\/comunitat-de-grans\/sortida-al-museu-de-matematiques-4t\/","title":{"rendered":"Sortida al Museu de matem\u00e0tiques 4t"},"content":{"rendered":"\n<p>Els infants de <strong>4t de prim\u00e0ria<\/strong> han visitat el <strong>Museu de Matem\u00e0tiques de Catalunya (MMACA)<\/strong>, al Palau Mercader de Cornell\u00e0. A la sala <strong>\u201cMaria Montessori\u201d<\/strong>, han pogut experimentar amb materials manipulatius i afrontar reptes de <strong>c\u00e0lcul, geometria, orientaci\u00f3 i espai<\/strong>, amb el suport de l&#8217;educadora del museu.<\/p>\n\n\n\n<p>Despr\u00e9s d\u2019una posada en com\u00fa del que s\u2019ha treballat, la sortida s\u2019ha completat amb una estona de joc al <strong>parc de Can Mercader<\/strong>, a la zona infantil.<\/p>\n\n\n\n<p>Una sortida divertida i molt enriquidora!<\/p>\n\n\n\n<figure class=\"wp-block-embed is-type-wp-embed is-provider-escola-paco-candel wp-block-embed-escola-paco-candel\"><div class=\"wp-block-embed__wrapper\">\n<blockquote class=\"wp-embedded-content\" data-secret=\"cByNyr9FIy\"><a href=\"https:\/\/agora.xtec.cat\/escolapacocandel\/fotos-privat\/fotos-museu-de-matematiques-4t\/\">Protegit: Fotos museu de matem\u00e0tiques 4t<\/a><\/blockquote><iframe loading=\"lazy\" class=\"wp-embedded-content\" sandbox=\"allow-scripts\" security=\"restricted\" style=\"position: absolute; visibility: hidden;\" title=\"&#8220;Protegit: Fotos museu de matem\u00e0tiques 4t&#8221; &#8212; Escola Paco Candel\" src=\"https:\/\/agora.xtec.cat\/escolapacocandel\/fotos-privat\/fotos-museu-de-matematiques-4t\/embed\/#?secret=qt3EUUwdCi#?secret=cByNyr9FIy\" data-secret=\"cByNyr9FIy\" width=\"500\" height=\"282\" frameborder=\"0\" marginwidth=\"0\" marginheight=\"0\" scrolling=\"no\"><\/iframe>\n<\/div><\/figure>\n","protected":false},"excerpt":{"rendered":"<p>Els infants de 4t de prim\u00e0ria han visitat el Museu de Matem\u00e0tiques de Catalunya (MMACA), al Palau Mercader de Cornell\u00e0. A la sala \u201cMaria Montessori\u201d, han pogut experimentar amb materials manipulatius i afrontar reptes de c\u00e0lcul, geometria, orientaci\u00f3 i espai, amb el suport de l&#8217;educadora&hellip;  <a href=\"https:\/\/agora.xtec.cat\/escolapacocandel\/comunitat-de-grans\/sortida-al-museu-de-matematiques-4t\/\" title=\"Read Sortida al Museu de matem\u00e0tiques 4t\">Llegeix m\u00e9s\u00bb<\/a><\/p>\n","protected":false},"author":21,"featured_media":10457,"comment_status":"open","ping_status":"open","sticky":false,"template":"","format":"standard","meta":{"_bbp_topic_count":0,"_bbp_reply_count":0,"_bbp_total_topic_count":0,"_bbp_total_reply_count":0,"_bbp_voice_count":0,"_bbp_anonymous_reply_count":0,"_bbp_topic_count_hidden":0,"_bbp_reply_count_hidden":0,"_bbp_forum_subforum_count":0,"footnotes":""},"categories":[129,143],"tags":[],"class_list":["post-10456","post","type-post","status-publish","format-standard","has-post-thumbnail","hentry","category-comunitat-de-grans","category-4t"],"post_mailing_queue_ids":[],"_links":{"self":[{"href":"https:\/\/agora.xtec.cat\/escolapacocandel\/wp-json\/wp\/v2\/posts\/10456","targetHints":{"allow":["GET"]}}],"collection":[{"href":"https:\/\/agora.xtec.cat\/escolapacocandel\/wp-json\/wp\/v2\/posts"}],"about":[{"href":"https:\/\/agora.xtec.cat\/escolapacocandel\/wp-json\/wp\/v2\/types\/post"}],"author":[{"embeddable":true,"href":"https:\/\/agora.xtec.cat\/escolapacocandel\/wp-json\/wp\/v2\/users\/21"}],"replies":[{"embeddable":true,"href":"https:\/\/agora.xtec.cat\/escolapacocandel\/wp-json\/wp\/v2\/comments?post=10456"}],"version-history":[{"count":3,"href":"https:\/\/agora.xtec.cat\/escolapacocandel\/wp-json\/wp\/v2\/posts\/10456\/revisions"}],"predecessor-version":[{"id":10462,"href":"https:\/\/agora.xtec.cat\/escolapacocandel\/wp-json\/wp\/v2\/posts\/10456\/revisions\/10462"}],"wp:featuredmedia":[{"embeddable":true,"href":"https:\/\/agora.xtec.cat\/escolapacocandel\/wp-json\/wp\/v2\/media\/10457"}],"wp:attachment":[{"href":"https:\/\/agora.xtec.cat\/escolapacocandel\/wp-json\/wp\/v2\/media?parent=10456"}],"wp:term":[{"taxonomy":"category","embeddable":true,"href":"https:\/\/agora.xtec.cat\/escolapacocandel\/wp-json\/wp\/v2\/categories?post=10456"},{"taxonomy":"post_tag","embeddable":true,"href":"https:\/\/agora.xtec.cat\/escolapacocandel\/wp-json\/wp\/v2\/tags?post=10456"}],"curies":[{"name":"wp","href":"https:\/\/api.w.org\/{rel}","templated":true}]}}