{"id":10448,"date":"2026-01-26T10:18:11","date_gmt":"2026-01-26T09:18:11","guid":{"rendered":"https:\/\/agora.xtec.cat\/escolapacocandel\/?p=10448"},"modified":"2026-02-20T09:10:51","modified_gmt":"2026-02-20T08:10:51","slug":"setmana-dart-punt-i-a-part","status":"publish","type":"post","link":"https:\/\/agora.xtec.cat\/escolapacocandel\/general\/setmana-dart-punt-i-a-part\/","title":{"rendered":"Setmana d&#8217;art: Punt i a part"},"content":{"rendered":"\n<p>La comunitat de petites ha viscut una setmana d&#8217;exploraci\u00f3 art\u00edstica sota el lema &#8220;Punt i a part&#8221;, on el punt ha estat el protagonista ent\u00e8s com l&#8217;origen de la creaci\u00f3 visual. A I3, els infants han descobert aquest element mitjan\u00e7ant el conte interactiu d&#8217;Herv\u00e9 Tullet, experimentant amb el puntillisme sobre els seus propis retrats i creant murals col\u00b7lectius amb estampacions circulars.<br>A I4, el focus s&#8217;ha despla\u00e7at cap a la transformaci\u00f3 i el moviment; utilitzant comptagotes, els alumnes han observat com una gota de pintura llisca fins a esdevenir una l\u00ednia. A m\u00e9s, s&#8217;han inspirat en l&#8217;entorn per transformar punts en objectes imaginaris com mandarina o pilotes. Per la seva banda, a I5, s&#8217;ha reflexionat sobre la identitat art\u00edstica amb el llibre El punt i s&#8217;han creat composicions abstractes de cercles conc\u00e8ntrics inspirades en l&#8217;obra de Kandinsky.<br>L&#8217;experi\u00e8ncia ha culminat amb el PUNTLAB, una instal\u00b7laci\u00f3 sensorial on els infants han investigat lliurement amb la llum, les transpar\u00e8ncies i el cos, convertint el punt en mat\u00e8ria viva.<\/p>\n\n\n\n\n\n<figure class=\"wp-block-gallery has-nested-images columns-default is-cropped wp-block-gallery-1 is-layout-flex wp-block-gallery-is-layout-flex\">\n<figure class=\"wp-block-image size-large\"><a href=\"https:\/\/agora.xtec.cat\/escolapacocandel\/wp-content\/uploads\/usu332\/2026\/01\/WhatsApp-Image-2026-01-20-at-18.58.55-1.jpeg\"><img loading=\"lazy\" decoding=\"async\" width=\"1024\" height=\"768\" data-id=\"10454\" src=\"https:\/\/agora.xtec.cat\/escolapacocandel\/wp-content\/uploads\/usu332\/2026\/01\/WhatsApp-Image-2026-01-20-at-18.58.55-1-1024x768.jpeg\" alt=\"\" class=\"wp-image-10454\" srcset=\"https:\/\/agora.xtec.cat\/escolapacocandel\/wp-content\/uploads\/usu332\/2026\/01\/WhatsApp-Image-2026-01-20-at-18.58.55-1-1024x768.jpeg 1024w, https:\/\/agora.xtec.cat\/escolapacocandel\/wp-content\/uploads\/usu332\/2026\/01\/WhatsApp-Image-2026-01-20-at-18.58.55-1-300x225.jpeg 300w, https:\/\/agora.xtec.cat\/escolapacocandel\/wp-content\/uploads\/usu332\/2026\/01\/WhatsApp-Image-2026-01-20-at-18.58.55-1-768x576.jpeg 768w, https:\/\/agora.xtec.cat\/escolapacocandel\/wp-content\/uploads\/usu332\/2026\/01\/WhatsApp-Image-2026-01-20-at-18.58.55-1-1536x1152.jpeg 1536w, https:\/\/agora.xtec.cat\/escolapacocandel\/wp-content\/uploads\/usu332\/2026\/01\/WhatsApp-Image-2026-01-20-at-18.58.55-1-200x150.jpeg 200w, https:\/\/agora.xtec.cat\/escolapacocandel\/wp-content\/uploads\/usu332\/2026\/01\/WhatsApp-Image-2026-01-20-at-18.58.55-1.jpeg 2048w\" sizes=\"auto, (max-width: 1024px) 100vw, 1024px\" \/><\/a><\/figure>\n<\/figure>\n\n\n\n<figure class=\"wp-block-embed is-type-wp-embed is-provider-escola-paco-candel wp-block-embed-escola-paco-candel\"><div class=\"wp-block-embed__wrapper\">\n<blockquote class=\"wp-embedded-content\" data-secret=\"wdb0M8Hhm9\"><a href=\"https:\/\/agora.xtec.cat\/escolapacocandel\/fotos-privat\/fotos-setmana-dart-petites\/\">Protegit: Fotos Setmana d&#8217;art Petites<\/a><\/blockquote><iframe loading=\"lazy\" class=\"wp-embedded-content\" sandbox=\"allow-scripts\" security=\"restricted\" style=\"position: absolute; visibility: hidden;\" title=\"&#8220;Protegit: Fotos Setmana d&#8217;art Petites&#8221; &#8212; Escola Paco Candel\" src=\"https:\/\/agora.xtec.cat\/escolapacocandel\/fotos-privat\/fotos-setmana-dart-petites\/embed\/#?secret=TQu2FPulha#?secret=wdb0M8Hhm9\" data-secret=\"wdb0M8Hhm9\" width=\"500\" height=\"282\" frameborder=\"0\" marginwidth=\"0\" marginheight=\"0\" scrolling=\"no\"><\/iframe>\n<\/div><\/figure>\n","protected":false},"excerpt":{"rendered":"<p>La comunitat de petites ha viscut una setmana d&#8217;exploraci\u00f3 art\u00edstica sota el lema &#8220;Punt i a part&#8221;, on el punt ha estat el protagonista ent\u00e8s com l&#8217;origen de la creaci\u00f3 visual. A I3, els infants han descobert aquest element mitjan\u00e7ant el conte interactiu d&#8217;Herv\u00e9 Tullet,&hellip;  <a href=\"https:\/\/agora.xtec.cat\/escolapacocandel\/general\/setmana-dart-punt-i-a-part\/\" title=\"Read Setmana d&#8217;art: Punt i a part\">Llegeix m\u00e9s\u00bb<\/a><\/p>\n","protected":false},"author":73,"featured_media":10453,"comment_status":"open","ping_status":"open","sticky":false,"template":"","format":"standard","meta":{"_bbp_topic_count":0,"_bbp_reply_count":0,"_bbp_total_topic_count":0,"_bbp_total_reply_count":0,"_bbp_voice_count":0,"_bbp_anonymous_reply_count":0,"_bbp_topic_count_hidden":0,"_bbp_reply_count_hidden":0,"_bbp_forum_subforum_count":0,"footnotes":""},"categories":[182,183,196,128,1],"tags":[],"class_list":["post-10448","post","type-post","status-publish","format-standard","has-post-thumbnail","hentry","category-3-anys","category-4-anys","category-5-anys","category-comunitat-de-petits","category-general"],"post_mailing_queue_ids":[],"_links":{"self":[{"href":"https:\/\/agora.xtec.cat\/escolapacocandel\/wp-json\/wp\/v2\/posts\/10448","targetHints":{"allow":["GET"]}}],"collection":[{"href":"https:\/\/agora.xtec.cat\/escolapacocandel\/wp-json\/wp\/v2\/posts"}],"about":[{"href":"https:\/\/agora.xtec.cat\/escolapacocandel\/wp-json\/wp\/v2\/types\/post"}],"author":[{"embeddable":true,"href":"https:\/\/agora.xtec.cat\/escolapacocandel\/wp-json\/wp\/v2\/users\/73"}],"replies":[{"embeddable":true,"href":"https:\/\/agora.xtec.cat\/escolapacocandel\/wp-json\/wp\/v2\/comments?post=10448"}],"version-history":[{"count":3,"href":"https:\/\/agora.xtec.cat\/escolapacocandel\/wp-json\/wp\/v2\/posts\/10448\/revisions"}],"predecessor-version":[{"id":10455,"href":"https:\/\/agora.xtec.cat\/escolapacocandel\/wp-json\/wp\/v2\/posts\/10448\/revisions\/10455"}],"wp:featuredmedia":[{"embeddable":true,"href":"https:\/\/agora.xtec.cat\/escolapacocandel\/wp-json\/wp\/v2\/media\/10453"}],"wp:attachment":[{"href":"https:\/\/agora.xtec.cat\/escolapacocandel\/wp-json\/wp\/v2\/media?parent=10448"}],"wp:term":[{"taxonomy":"category","embeddable":true,"href":"https:\/\/agora.xtec.cat\/escolapacocandel\/wp-json\/wp\/v2\/categories?post=10448"},{"taxonomy":"post_tag","embeddable":true,"href":"https:\/\/agora.xtec.cat\/escolapacocandel\/wp-json\/wp\/v2\/tags?post=10448"}],"curies":[{"name":"wp","href":"https:\/\/api.w.org\/{rel}","templated":true}]}}