{"id":10414,"date":"2025-12-19T11:23:03","date_gmt":"2025-12-19T10:23:03","guid":{"rendered":"https:\/\/agora.xtec.cat\/escolapacocandel\/?p=10414"},"modified":"2025-12-19T11:32:19","modified_gmt":"2025-12-19T10:32:19","slug":"iniciacio-al-padel-6e","status":"publish","type":"post","link":"https:\/\/agora.xtec.cat\/escolapacocandel\/comunitat-de-grans\/iniciacio-al-padel-6e\/","title":{"rendered":"Iniciaci\u00f3 al p\u00e0del &#8211; 6\u00e8"},"content":{"rendered":"\n<p>Aquest trimestre, l\u2019alumnat de 6\u00e8 de prim\u00e0ria ha participat en unes jornades esportives d\u2019iniciaci\u00f3 al p\u00e0del, una activitat que ha combinat esport, aprenentatge i diversi\u00f3. Les sessions han perm\u00e8s als infants apropar-se a aquest esport de raqueta d\u2019una manera din\u00e0mica i adaptada al seu nivell, tot descobrint-ne les normes b\u00e0siques, els cops principals i la import\u00e0ncia de la coordinaci\u00f3 i el control del cos.<\/p>\n\n\n\n<p>Al llarg de les jornades, els i les alumnes han tingut l\u2019oportunitat de practicar diferents exercicis i jocs, aix\u00ed com de disputar petits partits, sempre en un ambient l\u00fadic i de companyonia. A m\u00e9s de millorar les seves habilitats motrius, l\u2019activitat ha servit per refor\u00e7ar valors com el respecte, el treball en equip, l\u2019esfor\u00e7 personal i el joc net.<\/p>\n\n\n\n<p>L\u2019activitat s\u2019ha dut a terme al Poliesportiu Municipal de Bellvitge, un espai idoni que ha perm\u00e8s gaudir d\u2019unes instal\u00b7lacions adequades i segures. L\u2019experi\u00e8ncia ha estat molt positiva i l\u2019alumnat ha valorat molt positivament poder practicar un esport nou fora de l\u2019entorn habitual de l\u2019escola.<\/p>\n\n\n\n<p>Us deixem a continuaci\u00f3 algunes imatges que recullen moments destacats d\u2019aquestes jornades esportives: <a href=\"https:\/\/agora.xtec.cat\/escolapacocandel\/fotos-privat\/fotos-padel-2\/\">https:\/\/agora.xtec.cat\/escolapacocandel\/fotos-privat\/fotos-padel-2\/<\/a><\/p>\n\n\n\n<p><\/p>\n","protected":false},"excerpt":{"rendered":"<p>Aquest trimestre, l\u2019alumnat de 6\u00e8 de prim\u00e0ria ha participat en unes jornades esportives d\u2019iniciaci\u00f3 al p\u00e0del, una activitat que ha combinat esport, aprenentatge i diversi\u00f3. Les sessions han perm\u00e8s als infants apropar-se a aquest esport de raqueta d\u2019una manera din\u00e0mica i adaptada al seu nivell,&hellip;  <a href=\"https:\/\/agora.xtec.cat\/escolapacocandel\/comunitat-de-grans\/iniciacio-al-padel-6e\/\" title=\"Read Iniciaci\u00f3 al p\u00e0del &#8211; 6\u00e8\">Llegeix m\u00e9s\u00bb<\/a><\/p>\n","protected":false},"author":65,"featured_media":10420,"comment_status":"open","ping_status":"open","sticky":false,"template":"","format":"standard","meta":{"_bbp_topic_count":0,"_bbp_reply_count":0,"_bbp_total_topic_count":0,"_bbp_total_reply_count":0,"_bbp_voice_count":0,"_bbp_anonymous_reply_count":0,"_bbp_topic_count_hidden":0,"_bbp_reply_count_hidden":0,"_bbp_forum_subforum_count":0,"footnotes":""},"categories":[129,146],"tags":[202,106,92],"class_list":["post-10414","post","type-post","status-publish","format-standard","has-post-thumbnail","hentry","category-comunitat-de-grans","category-6e","tag-comunitatdegrans","tag-educacio-fisica","tag-sortides"],"post_mailing_queue_ids":[],"_links":{"self":[{"href":"https:\/\/agora.xtec.cat\/escolapacocandel\/wp-json\/wp\/v2\/posts\/10414","targetHints":{"allow":["GET"]}}],"collection":[{"href":"https:\/\/agora.xtec.cat\/escolapacocandel\/wp-json\/wp\/v2\/posts"}],"about":[{"href":"https:\/\/agora.xtec.cat\/escolapacocandel\/wp-json\/wp\/v2\/types\/post"}],"author":[{"embeddable":true,"href":"https:\/\/agora.xtec.cat\/escolapacocandel\/wp-json\/wp\/v2\/users\/65"}],"replies":[{"embeddable":true,"href":"https:\/\/agora.xtec.cat\/escolapacocandel\/wp-json\/wp\/v2\/comments?post=10414"}],"version-history":[{"count":2,"href":"https:\/\/agora.xtec.cat\/escolapacocandel\/wp-json\/wp\/v2\/posts\/10414\/revisions"}],"predecessor-version":[{"id":10419,"href":"https:\/\/agora.xtec.cat\/escolapacocandel\/wp-json\/wp\/v2\/posts\/10414\/revisions\/10419"}],"wp:featuredmedia":[{"embeddable":true,"href":"https:\/\/agora.xtec.cat\/escolapacocandel\/wp-json\/wp\/v2\/media\/10420"}],"wp:attachment":[{"href":"https:\/\/agora.xtec.cat\/escolapacocandel\/wp-json\/wp\/v2\/media?parent=10414"}],"wp:term":[{"taxonomy":"category","embeddable":true,"href":"https:\/\/agora.xtec.cat\/escolapacocandel\/wp-json\/wp\/v2\/categories?post=10414"},{"taxonomy":"post_tag","embeddable":true,"href":"https:\/\/agora.xtec.cat\/escolapacocandel\/wp-json\/wp\/v2\/tags?post=10414"}],"curies":[{"name":"wp","href":"https:\/\/api.w.org\/{rel}","templated":true}]}}