{"id":10405,"date":"2025-12-18T12:57:19","date_gmt":"2025-12-18T11:57:19","guid":{"rendered":"https:\/\/agora.xtec.cat\/escolapacocandel\/?p=10405"},"modified":"2025-12-18T12:58:36","modified_gmt":"2025-12-18T11:58:36","slug":"5e-b-accelera-amb-el-projecte-de-la-classe-formula-1","status":"publish","type":"post","link":"https:\/\/agora.xtec.cat\/escolapacocandel\/comunitat-de-grans\/5e-b-accelera-amb-el-projecte-de-la-classe-formula-1\/","title":{"rendered":"5\u00e8 B accelera amb el projecte de la classe: F\u00f2rmula 1"},"content":{"rendered":"\n<p>Aquest trimestre, els infants de <strong>5\u00e8 B<\/strong> han viscut una experi\u00e8ncia d\u2019aprenentatge apassionant i plena de descobertes amb el projecte del <strong>nom de la classe: F\u00f2rmula 1<\/strong>. Un projecte inclusiu, cooperatiu i motivador que ha perm\u00e8s a cada infant trobar el seu lloc i aportar els seus talents.<\/p>\n\n\n\n<p><\/p>\n\n\n<div class=\"wp-block-image\">\n<figure class=\"alignright size-large is-resized\"><a href=\"https:\/\/agora.xtec.cat\/escolapacocandel\/wp-content\/uploads\/usu332\/2025\/12\/92d5dd66-2062-4306-b2f2-34db9a4f3dec-1.jpg\"><img loading=\"lazy\" decoding=\"async\" width=\"576\" height=\"1024\" src=\"https:\/\/agora.xtec.cat\/escolapacocandel\/wp-content\/uploads\/usu332\/2025\/12\/92d5dd66-2062-4306-b2f2-34db9a4f3dec-1-576x1024.jpg\" alt=\"\" class=\"wp-image-10409\" style=\"width:222px;height:auto\" srcset=\"https:\/\/agora.xtec.cat\/escolapacocandel\/wp-content\/uploads\/usu332\/2025\/12\/92d5dd66-2062-4306-b2f2-34db9a4f3dec-1-576x1024.jpg 576w, https:\/\/agora.xtec.cat\/escolapacocandel\/wp-content\/uploads\/usu332\/2025\/12\/92d5dd66-2062-4306-b2f2-34db9a4f3dec-1-169x300.jpg 169w, https:\/\/agora.xtec.cat\/escolapacocandel\/wp-content\/uploads\/usu332\/2025\/12\/92d5dd66-2062-4306-b2f2-34db9a4f3dec-1-768x1365.jpg 768w, https:\/\/agora.xtec.cat\/escolapacocandel\/wp-content\/uploads\/usu332\/2025\/12\/92d5dd66-2062-4306-b2f2-34db9a4f3dec-1-864x1536.jpg 864w, https:\/\/agora.xtec.cat\/escolapacocandel\/wp-content\/uploads\/usu332\/2025\/12\/92d5dd66-2062-4306-b2f2-34db9a4f3dec-1.jpg 1080w\" sizes=\"auto, (max-width: 576px) 100vw, 576px\" \/><\/a><\/figure><\/div>\n\n\n<p>Tot va comen\u00e7ar definint <strong>els objectius que volien treballar<\/strong>: aprendre a investigar, ampliar vocabulari, treballar en equip, desenvolupar la creativitat i entendre millor com funciona el m\u00f3n que els envolta. A partir d\u2019aqu\u00ed, al llarg de tot el trimestre, han dut a terme una <strong>recerca profunda sobre la F\u00f2rmula 1<\/strong>, descobrint les diferents <strong>escuderies<\/strong>, els <strong>circuits<\/strong>, els <strong>pilots<\/strong> i molt <strong>vocabulari t\u00e8cnic<\/strong> relacionat amb aquest esport.<\/p>\n\n\n\n<p><\/p>\n\n\n\n<p>L\u2019aprenentatge no s\u2019ha quedat nom\u00e9s en la teoria. Els infants han passat a l\u2019acci\u00f3 creant <strong>prototips de cotxes de F\u00f2rmula 1<\/strong> utilitzant <strong>materials reciclats<\/strong>, fomentant aix\u00ed la consci\u00e8ncia ambiental, la imaginaci\u00f3 i el treball manual. A m\u00e9s, han fet un pas m\u00e9s enll\u00e0 amb la tecnologia, dissenyant i programant cotxes amb <strong>Lego Spike Prime<\/strong>, combinant ci\u00e8ncia, tecnologia i creativitat de manera inclusiva i significativa.<\/p>\n\n\n\n<p><\/p>\n\n\n\n<p>El projecte s\u2019ha enriquit encara m\u00e9s amb una <strong>sortida al Circuit de Montmel\u00f3<\/strong>, on van poder veure de prop l\u2019entorn real de la F\u00f2rmula 1, connectant tot all\u00f2 apr\u00e8s a l\u2019aula amb una experi\u00e8ncia vivencial i emocionant.<\/p>\n\n\n\n<p><\/p>\n\n\n\n<p>Finalment, el projecte s\u2019ha tancat amb una <strong>exposici\u00f3 oberta a les fam\u00edlies<\/strong>, on els infants han compartit amb orgull tot el proc\u00e9s, els aprenentatges i els resultats. Va ser un moment especial de comunicaci\u00f3, confian\u00e7a i celebraci\u00f3 de l\u2019esfor\u00e7 col\u00b7lectiu.<\/p>\n\n\n\n<p><\/p>\n\n\n<div class=\"wp-block-image\">\n<figure class=\"aligncenter size-large is-resized\"><a href=\"https:\/\/agora.xtec.cat\/escolapacocandel\/wp-content\/uploads\/usu332\/2025\/12\/850a91d3-7329-44b0-9898-edd8aeea5085-1.jpg\"><img loading=\"lazy\" decoding=\"async\" width=\"1024\" height=\"768\" src=\"https:\/\/agora.xtec.cat\/escolapacocandel\/wp-content\/uploads\/usu332\/2025\/12\/850a91d3-7329-44b0-9898-edd8aeea5085-1-1024x768.jpg\" alt=\"\" class=\"wp-image-10410\" style=\"width:595px;height:auto\" srcset=\"https:\/\/agora.xtec.cat\/escolapacocandel\/wp-content\/uploads\/usu332\/2025\/12\/850a91d3-7329-44b0-9898-edd8aeea5085-1-1024x768.jpg 1024w, https:\/\/agora.xtec.cat\/escolapacocandel\/wp-content\/uploads\/usu332\/2025\/12\/850a91d3-7329-44b0-9898-edd8aeea5085-1-300x225.jpg 300w, https:\/\/agora.xtec.cat\/escolapacocandel\/wp-content\/uploads\/usu332\/2025\/12\/850a91d3-7329-44b0-9898-edd8aeea5085-1-768x576.jpg 768w, https:\/\/agora.xtec.cat\/escolapacocandel\/wp-content\/uploads\/usu332\/2025\/12\/850a91d3-7329-44b0-9898-edd8aeea5085-1-1536x1152.jpg 1536w, https:\/\/agora.xtec.cat\/escolapacocandel\/wp-content\/uploads\/usu332\/2025\/12\/850a91d3-7329-44b0-9898-edd8aeea5085-1-200x150.jpg 200w, https:\/\/agora.xtec.cat\/escolapacocandel\/wp-content\/uploads\/usu332\/2025\/12\/850a91d3-7329-44b0-9898-edd8aeea5085-1.jpg 2048w\" sizes=\"auto, (max-width: 1024px) 100vw, 1024px\" \/><\/a><\/figure><\/div>\n\n\n<p><\/p>\n","protected":false},"excerpt":{"rendered":"<p>Aquest trimestre, els infants de 5\u00e8 B han viscut una experi\u00e8ncia d\u2019aprenentatge apassionant i plena de descobertes amb el projecte del nom de la classe: F\u00f2rmula 1. Un projecte inclusiu, cooperatiu i motivador que ha perm\u00e8s a cada infant trobar el seu lloc i aportar&hellip;  <a href=\"https:\/\/agora.xtec.cat\/escolapacocandel\/comunitat-de-grans\/5e-b-accelera-amb-el-projecte-de-la-classe-formula-1\/\" title=\"Read 5\u00e8 B accelera amb el projecte de la classe: F\u00f2rmula 1\">Llegeix m\u00e9s\u00bb<\/a><\/p>\n","protected":false},"author":20,"featured_media":10407,"comment_status":"open","ping_status":"open","sticky":false,"template":"","format":"standard","meta":{"_bbp_topic_count":0,"_bbp_reply_count":0,"_bbp_total_topic_count":0,"_bbp_total_reply_count":0,"_bbp_voice_count":0,"_bbp_anonymous_reply_count":0,"_bbp_topic_count_hidden":0,"_bbp_reply_count_hidden":0,"_bbp_forum_subforum_count":0,"footnotes":""},"categories":[144,129],"tags":[],"class_list":["post-10405","post","type-post","status-publish","format-standard","has-post-thumbnail","hentry","category-5e","category-comunitat-de-grans"],"post_mailing_queue_ids":[],"_links":{"self":[{"href":"https:\/\/agora.xtec.cat\/escolapacocandel\/wp-json\/wp\/v2\/posts\/10405","targetHints":{"allow":["GET"]}}],"collection":[{"href":"https:\/\/agora.xtec.cat\/escolapacocandel\/wp-json\/wp\/v2\/posts"}],"about":[{"href":"https:\/\/agora.xtec.cat\/escolapacocandel\/wp-json\/wp\/v2\/types\/post"}],"author":[{"embeddable":true,"href":"https:\/\/agora.xtec.cat\/escolapacocandel\/wp-json\/wp\/v2\/users\/20"}],"replies":[{"embeddable":true,"href":"https:\/\/agora.xtec.cat\/escolapacocandel\/wp-json\/wp\/v2\/comments?post=10405"}],"version-history":[{"count":3,"href":"https:\/\/agora.xtec.cat\/escolapacocandel\/wp-json\/wp\/v2\/posts\/10405\/revisions"}],"predecessor-version":[{"id":10413,"href":"https:\/\/agora.xtec.cat\/escolapacocandel\/wp-json\/wp\/v2\/posts\/10405\/revisions\/10413"}],"wp:featuredmedia":[{"embeddable":true,"href":"https:\/\/agora.xtec.cat\/escolapacocandel\/wp-json\/wp\/v2\/media\/10407"}],"wp:attachment":[{"href":"https:\/\/agora.xtec.cat\/escolapacocandel\/wp-json\/wp\/v2\/media?parent=10405"}],"wp:term":[{"taxonomy":"category","embeddable":true,"href":"https:\/\/agora.xtec.cat\/escolapacocandel\/wp-json\/wp\/v2\/categories?post=10405"},{"taxonomy":"post_tag","embeddable":true,"href":"https:\/\/agora.xtec.cat\/escolapacocandel\/wp-json\/wp\/v2\/tags?post=10405"}],"curies":[{"name":"wp","href":"https:\/\/api.w.org\/{rel}","templated":true}]}}