{"id":10396,"date":"2025-12-17T23:26:14","date_gmt":"2025-12-17T22:26:14","guid":{"rendered":"https:\/\/agora.xtec.cat\/escolapacocandel\/?p=10396"},"modified":"2025-12-17T23:26:14","modified_gmt":"2025-12-17T22:26:14","slug":"artistes","status":"publish","type":"post","link":"https:\/\/agora.xtec.cat\/escolapacocandel\/general\/artistes\/","title":{"rendered":"ARTISTES!"},"content":{"rendered":"\n<p>Durant aquest trimestre, els infants de <strong>sis\u00e8 B<\/strong> han viscut un apassionant projecte art\u00edstic que els ha perm\u00e8s descobrir que l\u2019<strong>ART<\/strong> \u00e9s molt m\u00e9s que dibuixar o pintar: \u00e9s expressi\u00f3, emoci\u00f3, hist\u00f2ria i mirada cr\u00edtica sobre el m\u00f3n. <\/p>\n\n\n<div class=\"wp-block-image\">\n<figure class=\"alignright size-large is-resized\"><a href=\"https:\/\/agora.xtec.cat\/escolapacocandel\/wp-content\/uploads\/usu332\/2025\/12\/WhatsApp-Image-2025-12-15-at-10.42.38-2-1.jpeg\"><img loading=\"lazy\" decoding=\"async\" width=\"987\" height=\"1024\" src=\"https:\/\/agora.xtec.cat\/escolapacocandel\/wp-content\/uploads\/usu332\/2025\/12\/WhatsApp-Image-2025-12-15-at-10.42.38-2-1-987x1024.jpeg\" alt=\"\" class=\"wp-image-10403\" style=\"width:198px;height:auto\" srcset=\"https:\/\/agora.xtec.cat\/escolapacocandel\/wp-content\/uploads\/usu332\/2025\/12\/WhatsApp-Image-2025-12-15-at-10.42.38-2-1-987x1024.jpeg 987w, https:\/\/agora.xtec.cat\/escolapacocandel\/wp-content\/uploads\/usu332\/2025\/12\/WhatsApp-Image-2025-12-15-at-10.42.38-2-1-289x300.jpeg 289w, https:\/\/agora.xtec.cat\/escolapacocandel\/wp-content\/uploads\/usu332\/2025\/12\/WhatsApp-Image-2025-12-15-at-10.42.38-2-1-768x797.jpeg 768w, https:\/\/agora.xtec.cat\/escolapacocandel\/wp-content\/uploads\/usu332\/2025\/12\/WhatsApp-Image-2025-12-15-at-10.42.38-2-1-1480x1536.jpeg 1480w, https:\/\/agora.xtec.cat\/escolapacocandel\/wp-content\/uploads\/usu332\/2025\/12\/WhatsApp-Image-2025-12-15-at-10.42.38-2-1.jpeg 1542w\" sizes=\"auto, (max-width: 987px) 100vw, 987px\" \/><\/a><\/figure><\/div>\n\n\n<p>Al llarg del projecte, l\u2019alumnat ha treballat <strong>diverses disciplines i t\u00e8cniques art\u00edstiques<\/strong>, experimentant i creant amb il\u00b7lusi\u00f3. Han explorat la <strong>pintura<\/strong>, l\u2019<strong>autoretrat<\/strong> com a eina d\u2019autoconeixement, el <strong>grafiti<\/strong> com a forma d\u2019expressi\u00f3 urbana, la <strong>creaci\u00f3 art\u00edstica amb figures geom\u00e8triques<\/strong>, el <strong>punt de fuga<\/strong> per entendre la perspectiva i el <strong>collage<\/strong>, combinant materials i idees per donar forma a obres originals i plenes de signific<\/p>\n\n\n<div class=\"wp-block-image\">\n<figure class=\"alignleft size-large is-resized\"><a href=\"https:\/\/agora.xtec.cat\/escolapacocandel\/wp-content\/uploads\/usu332\/2025\/12\/WhatsApp-Image-2025-12-15-at-10.42.38-4-1.jpeg\"><img loading=\"lazy\" decoding=\"async\" width=\"768\" height=\"1024\" src=\"https:\/\/agora.xtec.cat\/escolapacocandel\/wp-content\/uploads\/usu332\/2025\/12\/WhatsApp-Image-2025-12-15-at-10.42.38-4-1-768x1024.jpeg\" alt=\"\" class=\"wp-image-10400\" style=\"width:127px;height:auto\" srcset=\"https:\/\/agora.xtec.cat\/escolapacocandel\/wp-content\/uploads\/usu332\/2025\/12\/WhatsApp-Image-2025-12-15-at-10.42.38-4-1-768x1024.jpeg 768w, https:\/\/agora.xtec.cat\/escolapacocandel\/wp-content\/uploads\/usu332\/2025\/12\/WhatsApp-Image-2025-12-15-at-10.42.38-4-1-225x300.jpeg 225w, https:\/\/agora.xtec.cat\/escolapacocandel\/wp-content\/uploads\/usu332\/2025\/12\/WhatsApp-Image-2025-12-15-at-10.42.38-4-1-1152x1536.jpeg 1152w, https:\/\/agora.xtec.cat\/escolapacocandel\/wp-content\/uploads\/usu332\/2025\/12\/WhatsApp-Image-2025-12-15-at-10.42.38-4-1.jpeg 1200w\" sizes=\"auto, (max-width: 768px) 100vw, 768px\" \/><\/a><\/figure><\/div>\n\n\n<p>A m\u00e9s de crear, tamb\u00e9 han apr\u00e8s a <strong>mirar l\u2019art amb ulls curiosos<\/strong>. Han fet un viatge per la <strong>hist\u00f2ria de l\u2019art<\/strong>, coneixent la seva evoluci\u00f3 a trav\u00e9s d\u2019artistes representatius de diferents \u00e8poques com <strong>Leonardo da Vinci, Vel\u00e1zquez, Mir\u00f3 o Picasso<\/strong>, entre d\u2019altres. Aix\u00f2 els ha ajudat a entendre com l\u2019art reflecteix la societat, el pensament i els valors de cada moment hist\u00f2ric.<\/p>\n\n\n\n<p>Un dels aspectes m\u00e9s enriquidors del projecte ha estat la relaci\u00f3 entre <strong>l\u2019art i les emocions<\/strong>. Les obres creades pels infants expressen sentiments, viv\u00e8ncies i maneres de veure el m\u00f3n, demostrant que l\u2019art \u00e9s una poderosa eina de comunicaci\u00f3 emocional.<\/p>\n\n\n<div class=\"wp-block-image\">\n<figure class=\"alignright size-large is-resized\"><a href=\"https:\/\/agora.xtec.cat\/escolapacocandel\/wp-content\/uploads\/usu332\/2025\/12\/WhatsApp-Image-2025-12-15-at-13.42.55-2.jpeg\"><img loading=\"lazy\" decoding=\"async\" width=\"1024\" height=\"768\" src=\"https:\/\/agora.xtec.cat\/escolapacocandel\/wp-content\/uploads\/usu332\/2025\/12\/WhatsApp-Image-2025-12-15-at-13.42.55-2-1024x768.jpeg\" alt=\"\" class=\"wp-image-10398\" style=\"width:265px;height:auto\" srcset=\"https:\/\/agora.xtec.cat\/escolapacocandel\/wp-content\/uploads\/usu332\/2025\/12\/WhatsApp-Image-2025-12-15-at-13.42.55-2-1024x768.jpeg 1024w, https:\/\/agora.xtec.cat\/escolapacocandel\/wp-content\/uploads\/usu332\/2025\/12\/WhatsApp-Image-2025-12-15-at-13.42.55-2-300x225.jpeg 300w, https:\/\/agora.xtec.cat\/escolapacocandel\/wp-content\/uploads\/usu332\/2025\/12\/WhatsApp-Image-2025-12-15-at-13.42.55-2-768x576.jpeg 768w, https:\/\/agora.xtec.cat\/escolapacocandel\/wp-content\/uploads\/usu332\/2025\/12\/WhatsApp-Image-2025-12-15-at-13.42.55-2-1536x1152.jpeg 1536w, https:\/\/agora.xtec.cat\/escolapacocandel\/wp-content\/uploads\/usu332\/2025\/12\/WhatsApp-Image-2025-12-15-at-13.42.55-2-200x150.jpeg 200w, https:\/\/agora.xtec.cat\/escolapacocandel\/wp-content\/uploads\/usu332\/2025\/12\/WhatsApp-Image-2025-12-15-at-13.42.55-2.jpeg 1600w\" sizes=\"auto, (max-width: 1024px) 100vw, 1024px\" \/><\/a><\/figure><\/div>\n\n\n<p>Per posar el punt final al projecte, vam celebrar unes <strong>portes obertes molt especials<\/strong>, convertint l\u2019aula en un <strong>aut\u00e8ntic museu<\/strong>. Les fam\u00edlies van poder passejar, observar i gaudir de totes les creacions, compartint amb els infants l\u2019esfor\u00e7, la creativitat i l\u2019aprenentatge viscuts.<\/p>\n\n\n\n<p><strong>Moltes gr\u00e0cies per la vostra pres\u00e8ncia, fam\u00edlies!<\/strong> Ha estat un plaer compartir aquest projecte tan significatiu amb vosaltres. \ud83c\udfa8\u2728<\/p>\n\n\n\n<p><\/p>\n","protected":false},"excerpt":{"rendered":"<p>Durant aquest trimestre, els infants de sis\u00e8 B han viscut un apassionant projecte art\u00edstic que els ha perm\u00e8s descobrir que l\u2019ART \u00e9s molt m\u00e9s que dibuixar o pintar: \u00e9s expressi\u00f3, emoci\u00f3, hist\u00f2ria i mirada cr\u00edtica sobre el m\u00f3n. <\/p>\n<p><a href=\"https:\/\/agora.xtec.cat\/escolapacocandel\/wp-content\/uploads\/usu332\/2025\/12\/WhatsApp-Image-2025-12-15-at-10.42.38-2-1.jpeg\"><\/a><\/p>\n<p>Al llarg del projecte, l\u2019alumnat ha&hellip;  <a href=\"https:\/\/agora.xtec.cat\/escolapacocandel\/general\/artistes\/\" title=\"Read ARTISTES!\">Llegeix m\u00e9s\u00bb<\/a><\/p>\n","protected":false},"author":27,"featured_media":10402,"comment_status":"open","ping_status":"open","sticky":false,"template":"","format":"standard","meta":{"_bbp_topic_count":0,"_bbp_reply_count":0,"_bbp_total_topic_count":0,"_bbp_total_reply_count":0,"_bbp_voice_count":0,"_bbp_anonymous_reply_count":0,"_bbp_topic_count_hidden":0,"_bbp_reply_count_hidden":0,"_bbp_forum_subforum_count":0,"footnotes":""},"categories":[1,146],"tags":[119,202,220,219],"class_list":["post-10396","post","type-post","status-publish","format-standard","has-post-thumbnail","hentry","category-general","category-6e","tag-art","tag-comunitatdegrans","tag-sise","tag-treballperprojectes"],"post_mailing_queue_ids":[],"_links":{"self":[{"href":"https:\/\/agora.xtec.cat\/escolapacocandel\/wp-json\/wp\/v2\/posts\/10396","targetHints":{"allow":["GET"]}}],"collection":[{"href":"https:\/\/agora.xtec.cat\/escolapacocandel\/wp-json\/wp\/v2\/posts"}],"about":[{"href":"https:\/\/agora.xtec.cat\/escolapacocandel\/wp-json\/wp\/v2\/types\/post"}],"author":[{"embeddable":true,"href":"https:\/\/agora.xtec.cat\/escolapacocandel\/wp-json\/wp\/v2\/users\/27"}],"replies":[{"embeddable":true,"href":"https:\/\/agora.xtec.cat\/escolapacocandel\/wp-json\/wp\/v2\/comments?post=10396"}],"version-history":[{"count":3,"href":"https:\/\/agora.xtec.cat\/escolapacocandel\/wp-json\/wp\/v2\/posts\/10396\/revisions"}],"predecessor-version":[{"id":10404,"href":"https:\/\/agora.xtec.cat\/escolapacocandel\/wp-json\/wp\/v2\/posts\/10396\/revisions\/10404"}],"wp:featuredmedia":[{"embeddable":true,"href":"https:\/\/agora.xtec.cat\/escolapacocandel\/wp-json\/wp\/v2\/media\/10402"}],"wp:attachment":[{"href":"https:\/\/agora.xtec.cat\/escolapacocandel\/wp-json\/wp\/v2\/media?parent=10396"}],"wp:term":[{"taxonomy":"category","embeddable":true,"href":"https:\/\/agora.xtec.cat\/escolapacocandel\/wp-json\/wp\/v2\/categories?post=10396"},{"taxonomy":"post_tag","embeddable":true,"href":"https:\/\/agora.xtec.cat\/escolapacocandel\/wp-json\/wp\/v2\/tags?post=10396"}],"curies":[{"name":"wp","href":"https:\/\/api.w.org\/{rel}","templated":true}]}}