{"id":10380,"date":"2025-12-17T12:30:00","date_gmt":"2025-12-17T11:30:00","guid":{"rendered":"https:\/\/agora.xtec.cat\/escolapacocandel\/?p=10380"},"modified":"2025-12-16T10:32:13","modified_gmt":"2025-12-16T09:32:13","slug":"la-classe-de-4tb-crea-el-seu-propi-museu-dels-invents","status":"publish","type":"post","link":"https:\/\/agora.xtec.cat\/escolapacocandel\/comunitat-de-grans\/la-classe-de-4tb-crea-el-seu-propi-museu-dels-invents\/","title":{"rendered":"La classe de 4tB crea el seu propi Museu dels Invents"},"content":{"rendered":"\n<p>Aquest trimestre, la classe de <strong>4tB<\/strong> s\u2019ha endinsat en un projecte apassionant: <strong>els invents<\/strong>. Al llarg de les setmanes, els infants han viatjat per les diferents <strong>etapes de la hist\u00f2ria<\/strong> per descobrir com els invents han anat transformant la vida de les persones i la societat.<\/p>\n\n\n\n<p>Durant el projecte, han conegut <strong>grans inventors i inventores<\/strong>, han investigat quins han estat els <strong>invents m\u00e9s importants de la hist\u00f2ria<\/strong> i han ent\u00e8s la import\u00e0ncia de la creativitat, la curiositat i l\u2019esfor\u00e7 darrere de cada descoberta. Tamb\u00e9 han treballat les <strong>fases d\u2019inventar<\/strong>, seguint el <strong>m\u00e8tode cient\u00edfic<\/strong>, aprenent a observar, plantejar preguntes, buscar solucions, provar i millorar.<\/p>\n\n\n\n<p>Tot aquest aprenentatge ha culminat en un <strong>producte final molt especial<\/strong>: la creaci\u00f3 d\u2019un <strong>Museu dels Invents<\/strong>. Organitzats en equips, l&#8217;alumnat han dissenyat i constru\u00eft el seu propi invent, tenint molt en compte dos valors fonamentals: la <strong>sostenibilitat<\/strong> i la <strong>igualtat de g\u00e8nere<\/strong>. Cada invent ha estat pensat per donar resposta a una necessitat real, utilitzant materials reutilitzats i promovent un m\u00f3n m\u00e9s just i respectu\u00f3s.<\/p>\n\n\n\n<p>El projecte s\u2019ha tancat amb una jornada molt emotiva, en qu\u00e8 les <strong>fam\u00edlies han visitat el museu juntament amb els seus fills i filles<\/strong>. Els infants han pogut explicar amb orgull el proc\u00e9s de creaci\u00f3 del seu invent, compartir els aprenentatges i gaudir d\u2019un gran moment plegats.<\/p>\n\n\n\n<p>A continuaci\u00f3 teniu algunes fotografies del projecte:<\/p>\n\n\n\n<figure class=\"wp-block-embed is-type-wp-embed is-provider-escola-paco-candel wp-block-embed-escola-paco-candel\"><div class=\"wp-block-embed__wrapper\">\n<blockquote class=\"wp-embedded-content\" data-secret=\"vxXxKDIEDH\"><a href=\"https:\/\/agora.xtec.cat\/escolapacocandel\/fotos-privat\/fotos-projecte-4tb-2\/\">Protegit: FOTOS PROJECTE 4tB<\/a><\/blockquote><iframe loading=\"lazy\" class=\"wp-embedded-content\" sandbox=\"allow-scripts\" security=\"restricted\" style=\"position: absolute; visibility: hidden;\" title=\"&#8220;Protegit: FOTOS PROJECTE 4tB&#8221; &#8212; Escola Paco Candel\" src=\"https:\/\/agora.xtec.cat\/escolapacocandel\/fotos-privat\/fotos-projecte-4tb-2\/embed\/#?secret=mV5ZDa6Z9j#?secret=vxXxKDIEDH\" data-secret=\"vxXxKDIEDH\" width=\"500\" height=\"282\" frameborder=\"0\" marginwidth=\"0\" marginheight=\"0\" scrolling=\"no\"><\/iframe>\n<\/div><\/figure>\n","protected":false},"excerpt":{"rendered":"<p>Aquest trimestre, la classe de 4tB s\u2019ha endinsat en un projecte apassionant: els invents. Al llarg de les setmanes, els infants han viatjat per les diferents etapes de la hist\u00f2ria per descobrir com els invents han anat transformant la vida de les persones i la&hellip;  <a href=\"https:\/\/agora.xtec.cat\/escolapacocandel\/comunitat-de-grans\/la-classe-de-4tb-crea-el-seu-propi-museu-dels-invents\/\" title=\"Read La classe de 4tB crea el seu propi Museu dels Invents\">Llegeix m\u00e9s\u00bb<\/a><\/p>\n","protected":false},"author":21,"featured_media":10381,"comment_status":"open","ping_status":"open","sticky":false,"template":"","format":"standard","meta":{"_bbp_topic_count":0,"_bbp_reply_count":0,"_bbp_total_topic_count":0,"_bbp_total_reply_count":0,"_bbp_voice_count":0,"_bbp_anonymous_reply_count":0,"_bbp_topic_count_hidden":0,"_bbp_reply_count_hidden":0,"_bbp_forum_subforum_count":0,"footnotes":""},"categories":[129,143],"tags":[],"class_list":["post-10380","post","type-post","status-publish","format-standard","has-post-thumbnail","hentry","category-comunitat-de-grans","category-4t"],"post_mailing_queue_ids":[],"_links":{"self":[{"href":"https:\/\/agora.xtec.cat\/escolapacocandel\/wp-json\/wp\/v2\/posts\/10380","targetHints":{"allow":["GET"]}}],"collection":[{"href":"https:\/\/agora.xtec.cat\/escolapacocandel\/wp-json\/wp\/v2\/posts"}],"about":[{"href":"https:\/\/agora.xtec.cat\/escolapacocandel\/wp-json\/wp\/v2\/types\/post"}],"author":[{"embeddable":true,"href":"https:\/\/agora.xtec.cat\/escolapacocandel\/wp-json\/wp\/v2\/users\/21"}],"replies":[{"embeddable":true,"href":"https:\/\/agora.xtec.cat\/escolapacocandel\/wp-json\/wp\/v2\/comments?post=10380"}],"version-history":[{"count":2,"href":"https:\/\/agora.xtec.cat\/escolapacocandel\/wp-json\/wp\/v2\/posts\/10380\/revisions"}],"predecessor-version":[{"id":10385,"href":"https:\/\/agora.xtec.cat\/escolapacocandel\/wp-json\/wp\/v2\/posts\/10380\/revisions\/10385"}],"wp:featuredmedia":[{"embeddable":true,"href":"https:\/\/agora.xtec.cat\/escolapacocandel\/wp-json\/wp\/v2\/media\/10381"}],"wp:attachment":[{"href":"https:\/\/agora.xtec.cat\/escolapacocandel\/wp-json\/wp\/v2\/media?parent=10380"}],"wp:term":[{"taxonomy":"category","embeddable":true,"href":"https:\/\/agora.xtec.cat\/escolapacocandel\/wp-json\/wp\/v2\/categories?post=10380"},{"taxonomy":"post_tag","embeddable":true,"href":"https:\/\/agora.xtec.cat\/escolapacocandel\/wp-json\/wp\/v2\/tags?post=10380"}],"curies":[{"name":"wp","href":"https:\/\/api.w.org\/{rel}","templated":true}]}}