{"id":10376,"date":"2025-12-12T09:52:12","date_gmt":"2025-12-12T08:52:12","guid":{"rendered":"https:\/\/agora.xtec.cat\/escolapacocandel\/?p=10376"},"modified":"2025-12-12T09:52:13","modified_gmt":"2025-12-12T08:52:13","slug":"sortida-projecte-1r-b","status":"publish","type":"post","link":"https:\/\/agora.xtec.cat\/escolapacocandel\/comunitat-de-mitjans\/1r\/sortida-projecte-1r-b\/","title":{"rendered":"Sortida projecte 1r B"},"content":{"rendered":"\n<p>La classe <em>Lilo &amp; Stitch<\/em> ha viscut una aventura inoblidable a L\u2019Aqu\u00e0rium de Barcelona. Amb l\u2019energia i la curiositat que els caracteritza, l&#8217;alumnat es van convertir en aut\u00e8ntics cient\u00edfics per un dia, preparats per descobrir el fascinant m\u00f3n dels vertebrats i explorar els secrets que s\u2019amaguen sota les aig\u00fces de mil tonalitats de blau.<\/p>\n\n\n\n<p>A continuaci\u00f3 teniu un petit recull d&#8217;imatges del dia d&#8217;ahir. <\/p>\n\n\n\n<p>Esperem que gaudiu d&#8217;aquest!<\/p>\n\n\n\n<p><\/p>\n\n\n\n<figure class=\"wp-block-embed is-type-wp-embed is-provider-escola-paco-candel wp-block-embed-escola-paco-candel\"><div class=\"wp-block-embed__wrapper\">\n<blockquote class=\"wp-embedded-content\" data-secret=\"TiHcd47W6i\"><a href=\"https:\/\/agora.xtec.cat\/escolapacocandel\/fotos-privat\/fotos-sortida-aquarium\/\">Protegit: Fotos sortida Aqu\u00e0rium.<\/a><\/blockquote><iframe loading=\"lazy\" class=\"wp-embedded-content\" sandbox=\"allow-scripts\" security=\"restricted\" style=\"position: absolute; visibility: hidden;\" title=\"&#8220;Protegit: Fotos sortida Aqu\u00e0rium.&#8221; &#8212; Escola Paco Candel\" src=\"https:\/\/agora.xtec.cat\/escolapacocandel\/fotos-privat\/fotos-sortida-aquarium\/embed\/#?secret=85W0QMHQE8#?secret=TiHcd47W6i\" data-secret=\"TiHcd47W6i\" width=\"500\" height=\"282\" frameborder=\"0\" marginwidth=\"0\" marginheight=\"0\" scrolling=\"no\"><\/iframe>\n<\/div><\/figure>\n","protected":false},"excerpt":{"rendered":"<p>La classe Lilo &amp; Stitch ha viscut una aventura inoblidable a L\u2019Aqu\u00e0rium de Barcelona. Amb l\u2019energia i la curiositat que els caracteritza, l&#8217;alumnat es van convertir en aut\u00e8ntics cient\u00edfics per un dia, preparats per descobrir el fascinant m\u00f3n dels vertebrats i explorar els secrets que&hellip;  <a href=\"https:\/\/agora.xtec.cat\/escolapacocandel\/comunitat-de-mitjans\/1r\/sortida-projecte-1r-b\/\" title=\"Read Sortida projecte 1r B\">Llegeix m\u00e9s\u00bb<\/a><\/p>\n","protected":false},"author":25,"featured_media":10377,"comment_status":"open","ping_status":"open","sticky":false,"template":"","format":"standard","meta":{"_bbp_topic_count":0,"_bbp_reply_count":0,"_bbp_total_topic_count":0,"_bbp_total_reply_count":0,"_bbp_voice_count":0,"_bbp_anonymous_reply_count":0,"_bbp_topic_count_hidden":0,"_bbp_reply_count_hidden":0,"_bbp_forum_subforum_count":0,"footnotes":""},"categories":[140],"tags":[],"class_list":["post-10376","post","type-post","status-publish","format-standard","has-post-thumbnail","hentry","category-1r"],"post_mailing_queue_ids":[],"_links":{"self":[{"href":"https:\/\/agora.xtec.cat\/escolapacocandel\/wp-json\/wp\/v2\/posts\/10376","targetHints":{"allow":["GET"]}}],"collection":[{"href":"https:\/\/agora.xtec.cat\/escolapacocandel\/wp-json\/wp\/v2\/posts"}],"about":[{"href":"https:\/\/agora.xtec.cat\/escolapacocandel\/wp-json\/wp\/v2\/types\/post"}],"author":[{"embeddable":true,"href":"https:\/\/agora.xtec.cat\/escolapacocandel\/wp-json\/wp\/v2\/users\/25"}],"replies":[{"embeddable":true,"href":"https:\/\/agora.xtec.cat\/escolapacocandel\/wp-json\/wp\/v2\/comments?post=10376"}],"version-history":[{"count":1,"href":"https:\/\/agora.xtec.cat\/escolapacocandel\/wp-json\/wp\/v2\/posts\/10376\/revisions"}],"predecessor-version":[{"id":10378,"href":"https:\/\/agora.xtec.cat\/escolapacocandel\/wp-json\/wp\/v2\/posts\/10376\/revisions\/10378"}],"wp:featuredmedia":[{"embeddable":true,"href":"https:\/\/agora.xtec.cat\/escolapacocandel\/wp-json\/wp\/v2\/media\/10377"}],"wp:attachment":[{"href":"https:\/\/agora.xtec.cat\/escolapacocandel\/wp-json\/wp\/v2\/media?parent=10376"}],"wp:term":[{"taxonomy":"category","embeddable":true,"href":"https:\/\/agora.xtec.cat\/escolapacocandel\/wp-json\/wp\/v2\/categories?post=10376"},{"taxonomy":"post_tag","embeddable":true,"href":"https:\/\/agora.xtec.cat\/escolapacocandel\/wp-json\/wp\/v2\/tags?post=10376"}],"curies":[{"name":"wp","href":"https:\/\/api.w.org\/{rel}","templated":true}]}}