{"id":1037,"date":"2020-07-22T17:16:43","date_gmt":"2020-07-22T15:16:43","guid":{"rendered":"http:\/\/agora.xtec.cat\/escolapacocandel\/?p=1037"},"modified":"2020-07-22T17:18:05","modified_gmt":"2020-07-22T15:18:05","slug":"curs-2020-2021","status":"publish","type":"post","link":"https:\/\/agora.xtec.cat\/escolapacocandel\/general\/curs-2020-2021\/","title":{"rendered":"CURS 2020\/2021"},"content":{"rendered":"<p>Benvolgudes fam\u00edlies<\/p>\n<p>Encetem un nou curs escolar facilitant-vos les informacions que no v\u00e0rem poder transmetre al mes de Juny.<\/p>\n<p>Per les fam\u00edlies noves s&#8217;est\u00e0 enviant la documentaci\u00f3, via mail, que \u00e9s necess\u00e0ria a nivell administratiu.<\/p>\n<p>PER A TOTS I TOTES us deixem aqu\u00ed penjat el dossier informatiu del curs 2020\/2021 amb un aclariment: m\u00e9s endavant rebreu informaci\u00f3 concreta sobre l&#8217;inici de curs i la COVID19.<\/p>\n<p><a href=\"https:\/\/agora.xtec.cat\/escolapacocandel\/wp-content\/uploads\/usu332\/2020\/07\/juny-de-2020comprimit.pdf\">juny de 2020comprimit<\/a><\/p>\n","protected":false},"excerpt":{"rendered":"<p>Benvolgudes fam\u00edlies<br \/>\nEncetem un nou curs escolar facilitant-vos les informacions que no v\u00e0rem poder transmetre al mes de Juny.<br \/>\nPer les fam\u00edlies noves s&#8217;est\u00e0 enviant la documentaci\u00f3, via mail, que \u00e9s necess\u00e0ria a nivell administratiu.<br \/>\nPER A TOTS I TOTES us deixem aqu\u00ed penjat el dossier informatiu del&hellip;  <a href=\"https:\/\/agora.xtec.cat\/escolapacocandel\/general\/curs-2020-2021\/\" title=\"Read CURS 2020\/2021\">Llegeix m\u00e9s\u00bb<\/a><\/p>\n","protected":false},"author":1,"featured_media":0,"comment_status":"open","ping_status":"closed","sticky":false,"template":"","format":"standard","meta":{"_bbp_topic_count":0,"_bbp_reply_count":0,"_bbp_total_topic_count":0,"_bbp_total_reply_count":0,"_bbp_voice_count":0,"_bbp_anonymous_reply_count":0,"_bbp_topic_count_hidden":0,"_bbp_reply_count_hidden":0,"_bbp_forum_subforum_count":0,"footnotes":""},"categories":[1,4],"tags":[],"class_list":["post-1037","post","type-post","status-publish","format-standard","hentry","category-general","category-portada"],"post_mailing_queue_ids":[],"_links":{"self":[{"href":"https:\/\/agora.xtec.cat\/escolapacocandel\/wp-json\/wp\/v2\/posts\/1037","targetHints":{"allow":["GET"]}}],"collection":[{"href":"https:\/\/agora.xtec.cat\/escolapacocandel\/wp-json\/wp\/v2\/posts"}],"about":[{"href":"https:\/\/agora.xtec.cat\/escolapacocandel\/wp-json\/wp\/v2\/types\/post"}],"author":[{"embeddable":true,"href":"https:\/\/agora.xtec.cat\/escolapacocandel\/wp-json\/wp\/v2\/users\/1"}],"replies":[{"embeddable":true,"href":"https:\/\/agora.xtec.cat\/escolapacocandel\/wp-json\/wp\/v2\/comments?post=1037"}],"version-history":[{"count":1,"href":"https:\/\/agora.xtec.cat\/escolapacocandel\/wp-json\/wp\/v2\/posts\/1037\/revisions"}],"predecessor-version":[{"id":1039,"href":"https:\/\/agora.xtec.cat\/escolapacocandel\/wp-json\/wp\/v2\/posts\/1037\/revisions\/1039"}],"wp:attachment":[{"href":"https:\/\/agora.xtec.cat\/escolapacocandel\/wp-json\/wp\/v2\/media?parent=1037"}],"wp:term":[{"taxonomy":"category","embeddable":true,"href":"https:\/\/agora.xtec.cat\/escolapacocandel\/wp-json\/wp\/v2\/categories?post=1037"},{"taxonomy":"post_tag","embeddable":true,"href":"https:\/\/agora.xtec.cat\/escolapacocandel\/wp-json\/wp\/v2\/tags?post=1037"}],"curies":[{"name":"wp","href":"https:\/\/api.w.org\/{rel}","templated":true}]}}