{"id":10368,"date":"2025-12-11T09:58:54","date_gmt":"2025-12-11T08:58:54","guid":{"rendered":"https:\/\/agora.xtec.cat\/escolapacocandel\/?p=10368"},"modified":"2025-12-11T09:58:54","modified_gmt":"2025-12-11T08:58:54","slug":"3r-a-i-b-portes-obertes","status":"publish","type":"post","link":"https:\/\/agora.xtec.cat\/escolapacocandel\/comunitat-de-mitjans\/3r-a-i-b-portes-obertes\/","title":{"rendered":"3r A i B. Portes obertes"},"content":{"rendered":"\n<p>El passat <strong>dimecres 10 de desembre<\/strong>, l\u2019alumnat de les classes <strong>del Cinema<\/strong> i <strong>dels i les Esportistes<\/strong> vam viure una tarda molt especial: la presentaci\u00f3 dels <strong>productes finals dels projectes<\/strong> a les fam\u00edlies.<\/p>\n\n\n\n<p>La <strong>classe del Cinema<\/strong> va sorprendre amb la projecci\u00f3 d\u2019una <strong>pel\u00b7l\u00edcula protagonitzada per elles i ells mateixos<\/strong>, resultat de setmanes de treball, creativitat i esfor\u00e7. Despr\u00e9s de la projecci\u00f3, van convidar les fam\u00edlies a participar en un <strong>joc de preguntes<\/strong> relacionat amb el film, una manera divertida de posar a prova l\u2019atenci\u00f3 i els coneixements de tothom.<\/p>\n\n\n\n<p>Paral\u00b7lelament, la <strong>classe dels i les Esportistes<\/strong> va presentar els seus <strong>5 \u201cPassaparaules de l\u2019Esport\u201d<\/strong>, uns jocs plens de curiositats, vocabulari i reptes sobre diferents disciplines esportives. Les fam\u00edlies van poder jugar, endevinar paraules i gaudir d\u2019una estona compartida amb els infants.<\/p>\n\n\n\n<p>Va ser una tarda plena de <strong>connexi\u00f3, aprenentatge i celebraci\u00f3<\/strong> de tot all\u00f2 que han apr\u00e8s al llarg del projecte. Moments aix\u00ed reforcen la col\u00b7laboraci\u00f3 entre escola i fam\u00edlies i posen en valor el treball dels infants.<\/p>\n\n\n\n<p><strong>Us compartim algunes de les fotografies del moment!<\/strong><\/p>\n\n\n\n<figure class=\"wp-block-embed is-type-wp-embed is-provider-escola-paco-candel wp-block-embed-escola-paco-candel\"><div class=\"wp-block-embed__wrapper\">\n<blockquote class=\"wp-embedded-content\" data-secret=\"87srjqU8il\"><a href=\"https:\/\/agora.xtec.cat\/escolapacocandel\/fotos-privat\/fotos-portes-obertes-3r\/\">Protegit: Fotos portes obertes 3r<\/a><\/blockquote><iframe loading=\"lazy\" class=\"wp-embedded-content\" sandbox=\"allow-scripts\" security=\"restricted\" style=\"position: absolute; visibility: hidden;\" title=\"&#8220;Protegit: Fotos portes obertes 3r&#8221; &#8212; Escola Paco Candel\" src=\"https:\/\/agora.xtec.cat\/escolapacocandel\/fotos-privat\/fotos-portes-obertes-3r\/embed\/#?secret=R1eXxKxY0w#?secret=87srjqU8il\" data-secret=\"87srjqU8il\" width=\"500\" height=\"282\" frameborder=\"0\" marginwidth=\"0\" marginheight=\"0\" scrolling=\"no\"><\/iframe>\n<\/div><\/figure>\n\n\n\n<p><\/p>\n","protected":false},"excerpt":{"rendered":"<p>El passat dimecres 10 de desembre, l\u2019alumnat de les classes del Cinema i dels i les Esportistes vam viure una tarda molt especial: la presentaci\u00f3 dels productes finals dels projectes a les fam\u00edlies.<\/p>\n<p>La classe del Cinema va sorprendre amb la projecci\u00f3 d\u2019una pel\u00b7l\u00edcula protagonitzada per&hellip;  <a href=\"https:\/\/agora.xtec.cat\/escolapacocandel\/comunitat-de-mitjans\/3r-a-i-b-portes-obertes\/\" title=\"Read 3r A i B. Portes obertes\">Llegeix m\u00e9s\u00bb<\/a><\/p>\n","protected":false},"author":28,"featured_media":0,"comment_status":"open","ping_status":"open","sticky":false,"template":"","format":"standard","meta":{"_bbp_topic_count":0,"_bbp_reply_count":0,"_bbp_total_topic_count":0,"_bbp_total_reply_count":0,"_bbp_voice_count":0,"_bbp_anonymous_reply_count":0,"_bbp_topic_count_hidden":0,"_bbp_reply_count_hidden":0,"_bbp_forum_subforum_count":0,"footnotes":""},"categories":[127,141],"tags":[],"class_list":["post-10368","post","type-post","status-publish","format-standard","hentry","category-comunitat-de-mitjans","category-3r"],"post_mailing_queue_ids":[],"_links":{"self":[{"href":"https:\/\/agora.xtec.cat\/escolapacocandel\/wp-json\/wp\/v2\/posts\/10368","targetHints":{"allow":["GET"]}}],"collection":[{"href":"https:\/\/agora.xtec.cat\/escolapacocandel\/wp-json\/wp\/v2\/posts"}],"about":[{"href":"https:\/\/agora.xtec.cat\/escolapacocandel\/wp-json\/wp\/v2\/types\/post"}],"author":[{"embeddable":true,"href":"https:\/\/agora.xtec.cat\/escolapacocandel\/wp-json\/wp\/v2\/users\/28"}],"replies":[{"embeddable":true,"href":"https:\/\/agora.xtec.cat\/escolapacocandel\/wp-json\/wp\/v2\/comments?post=10368"}],"version-history":[{"count":2,"href":"https:\/\/agora.xtec.cat\/escolapacocandel\/wp-json\/wp\/v2\/posts\/10368\/revisions"}],"predecessor-version":[{"id":10373,"href":"https:\/\/agora.xtec.cat\/escolapacocandel\/wp-json\/wp\/v2\/posts\/10368\/revisions\/10373"}],"wp:attachment":[{"href":"https:\/\/agora.xtec.cat\/escolapacocandel\/wp-json\/wp\/v2\/media?parent=10368"}],"wp:term":[{"taxonomy":"category","embeddable":true,"href":"https:\/\/agora.xtec.cat\/escolapacocandel\/wp-json\/wp\/v2\/categories?post=10368"},{"taxonomy":"post_tag","embeddable":true,"href":"https:\/\/agora.xtec.cat\/escolapacocandel\/wp-json\/wp\/v2\/tags?post=10368"}],"curies":[{"name":"wp","href":"https:\/\/api.w.org\/{rel}","templated":true}]}}