{"id":10348,"date":"2025-12-03T13:13:39","date_gmt":"2025-12-03T12:13:39","guid":{"rendered":"https:\/\/agora.xtec.cat\/escolapacocandel\/?p=10348"},"modified":"2025-12-03T13:13:39","modified_gmt":"2025-12-03T12:13:39","slug":"1r-trimestre-educacio-fisica-2n-2","status":"publish","type":"post","link":"https:\/\/agora.xtec.cat\/escolapacocandel\/comunitat-de-mitjans\/2n\/1r-trimestre-educacio-fisica-2n-2\/","title":{"rendered":"1r trimestre Educaci\u00f3 f\u00edsica \u2013 2n"},"content":{"rendered":"\n<p>Aquest inici de curs a 2n, l\u2019alumnat ha repr\u00e8s amb entusiasme el cam\u00ed iniciat a primer, aprofundint en les habilitats motrius i en el coneixement del propi cos. Les sessions d\u2019Educaci\u00f3 F\u00edsica han estat plenes de moviment, descobriment i moments per compartir.<\/p>\n\n\n\n<p>Cada sessi\u00f3 ha comen\u00e7at amb jocs pensats per activar-nos i preparar el cos per a l\u2019activitat f\u00edsica. Aquests primers minuts s\u00f3n ideals per despertar l\u2019energia, millorar la coordinaci\u00f3 i generar un ambient motivador per a tot el grup.<\/p>\n\n\n\n<p>Un cop escalfats, l\u2019alumnat ha continuat desenvolupant i perfeccionant diverses habilitats i capacitats motores. Organitzades en estacions, les activitats han perm\u00e8s treballar l\u2019equilibri, els despla\u00e7aments, els salts, dirs i control d\u2019objectes.<\/p>\n\n\n\n<p>Aquest format d\u2019estacions afavoreix l\u2019autonomia, la participaci\u00f3 i el progr\u00e9s individual de cada infant.<\/p>\n\n\n\n<p>Cada classe ha concl\u00f2s amb una estona dedicada a la relaxaci\u00f3. Activitats calmades han ajudat l\u2019alumnat a recuperar la respiraci\u00f3, tornar al ritme adequat i acabar la sessi\u00f3 amb una sensaci\u00f3 de tranquil\u00b7litat.<\/p>\n\n\n\n<p>A m\u00e9s de les habilitats motrius, tamb\u00e9 s\u2019han revisat i consolidat conceptes ja iniciats a primer, com diferenciar la dreta de l\u2019esquerra, recon\u00e8ixer parts del cos i identificar algunes articulacions. Tot plegat contribueix a construir una base s\u00f2lida de consci\u00e8ncia corporal.<\/p>\n\n\n\n<p><\/p>\n\n\n\n<p><\/p>\n\n\n\n<p><\/p>\n\n\n\n<figure class=\"wp-block-embed is-type-wp-embed is-provider-escola-paco-candel wp-block-embed-escola-paco-candel\"><div class=\"wp-block-embed__wrapper\">\n<blockquote class=\"wp-embedded-content\" data-secret=\"xX3FBNq7xV\"><a href=\"https:\/\/agora.xtec.cat\/escolapacocandel\/fotos-privat\/fotos-1r-trim-2n\/\">Protegit: Fotos 1r trim &#8211; 2n<\/a><\/blockquote><iframe loading=\"lazy\" class=\"wp-embedded-content\" sandbox=\"allow-scripts\" security=\"restricted\" style=\"position: absolute; visibility: hidden;\" title=\"&#8220;Protegit: Fotos 1r trim &#8211; 2n&#8221; &#8212; Escola Paco Candel\" src=\"https:\/\/agora.xtec.cat\/escolapacocandel\/fotos-privat\/fotos-1r-trim-2n\/embed\/#?secret=HY4gmsffcv#?secret=xX3FBNq7xV\" data-secret=\"xX3FBNq7xV\" width=\"500\" height=\"282\" frameborder=\"0\" marginwidth=\"0\" marginheight=\"0\" scrolling=\"no\"><\/iframe>\n<\/div><\/figure>\n","protected":false},"excerpt":{"rendered":"<p>Aquest inici de curs a 2n, l\u2019alumnat ha repr\u00e8s amb entusiasme el cam\u00ed iniciat a primer, aprofundint en les habilitats motrius i en el coneixement del propi cos. Les sessions d\u2019Educaci\u00f3 F\u00edsica han estat plenes de moviment, descobriment i moments per compartir.<\/p>\n<p>Cada sessi\u00f3 ha comen\u00e7at&hellip;  <a href=\"https:\/\/agora.xtec.cat\/escolapacocandel\/comunitat-de-mitjans\/2n\/1r-trimestre-educacio-fisica-2n-2\/\" title=\"Read 1r trimestre Educaci\u00f3 f\u00edsica \u2013 2n\">Llegeix m\u00e9s\u00bb<\/a><\/p>\n","protected":false},"author":25,"featured_media":10349,"comment_status":"open","ping_status":"open","sticky":false,"template":"","format":"standard","meta":{"_bbp_topic_count":0,"_bbp_reply_count":0,"_bbp_total_topic_count":0,"_bbp_total_reply_count":0,"_bbp_voice_count":0,"_bbp_anonymous_reply_count":0,"_bbp_topic_count_hidden":0,"_bbp_reply_count_hidden":0,"_bbp_forum_subforum_count":0,"footnotes":""},"categories":[137],"tags":[],"class_list":["post-10348","post","type-post","status-publish","format-standard","has-post-thumbnail","hentry","category-2n"],"post_mailing_queue_ids":[],"_links":{"self":[{"href":"https:\/\/agora.xtec.cat\/escolapacocandel\/wp-json\/wp\/v2\/posts\/10348","targetHints":{"allow":["GET"]}}],"collection":[{"href":"https:\/\/agora.xtec.cat\/escolapacocandel\/wp-json\/wp\/v2\/posts"}],"about":[{"href":"https:\/\/agora.xtec.cat\/escolapacocandel\/wp-json\/wp\/v2\/types\/post"}],"author":[{"embeddable":true,"href":"https:\/\/agora.xtec.cat\/escolapacocandel\/wp-json\/wp\/v2\/users\/25"}],"replies":[{"embeddable":true,"href":"https:\/\/agora.xtec.cat\/escolapacocandel\/wp-json\/wp\/v2\/comments?post=10348"}],"version-history":[{"count":1,"href":"https:\/\/agora.xtec.cat\/escolapacocandel\/wp-json\/wp\/v2\/posts\/10348\/revisions"}],"predecessor-version":[{"id":10350,"href":"https:\/\/agora.xtec.cat\/escolapacocandel\/wp-json\/wp\/v2\/posts\/10348\/revisions\/10350"}],"wp:featuredmedia":[{"embeddable":true,"href":"https:\/\/agora.xtec.cat\/escolapacocandel\/wp-json\/wp\/v2\/media\/10349"}],"wp:attachment":[{"href":"https:\/\/agora.xtec.cat\/escolapacocandel\/wp-json\/wp\/v2\/media?parent=10348"}],"wp:term":[{"taxonomy":"category","embeddable":true,"href":"https:\/\/agora.xtec.cat\/escolapacocandel\/wp-json\/wp\/v2\/categories?post=10348"},{"taxonomy":"post_tag","embeddable":true,"href":"https:\/\/agora.xtec.cat\/escolapacocandel\/wp-json\/wp\/v2\/tags?post=10348"}],"curies":[{"name":"wp","href":"https:\/\/api.w.org\/{rel}","templated":true}]}}