{"id":10343,"date":"2025-12-03T13:07:31","date_gmt":"2025-12-03T12:07:31","guid":{"rendered":"https:\/\/agora.xtec.cat\/escolapacocandel\/?p=10343"},"modified":"2025-12-03T13:07:31","modified_gmt":"2025-12-03T12:07:31","slug":"1r-trimestre-educacio-fisica-1r-2","status":"publish","type":"post","link":"https:\/\/agora.xtec.cat\/escolapacocandel\/comunitat-de-mitjans\/1r\/1r-trimestre-educacio-fisica-1r-2\/","title":{"rendered":"1r trimestre Educaci\u00f3 f\u00edsica &#8211; 1r"},"content":{"rendered":"\n<p>Aquest trimestre, l\u2019alumnat de 1r ha fet les seves primeres passes dins del m\u00f3n de l\u2019Educaci\u00f3 F\u00edsica, i ho ha fet amb molta il\u00b7lusi\u00f3 i energia. Les sessions han estat una combinaci\u00f3 perfecta entre diversi\u00f3, descobriment i desenvolupament de noves habilitats motrius.<\/p>\n\n\n\n<p>Al llarg de les classes, els infants han apr\u00e8s a distingir la part dreta de l\u2019esquerra, un concepte essencial per seguir instruccions i millorar la coordinaci\u00f3. Tamb\u00e9 han treballat el reconeixement d\u2019algunes parts de la cara, una manera l\u00fadica i senzilla d\u2019aprofundir en el coneixement del propi cos.<\/p>\n\n\n\n<p>Cada sessi\u00f3 comen\u00e7ava amb un joc d\u2019escalfament que ajudava l\u2019alumnat a activar-se i preparar-se per a l\u2019activitat f\u00edsica. A continuaci\u00f3, es proposaven diferents estacions en qu\u00e8 els infants podien explorar i practicar diverses habilitats i capacitats motores.<\/p>\n\n\n\n<p>Despr\u00e9s de tanta activitat, sempre hi havia un moment per tornar a la calma. Amb activitats m\u00e9s tranquil\u00b7les, l\u2019alumnat podia relaxar-se, recuperar el ritme i acabar la sessi\u00f3 amb una sensaci\u00f3 de benestar.<\/p>\n\n\n\n<p><\/p>\n\n\n\n<p><\/p>\n\n\n\n<figure class=\"wp-block-embed is-type-wp-embed is-provider-escola-paco-candel wp-block-embed-escola-paco-candel\"><div class=\"wp-block-embed__wrapper\">\n<blockquote class=\"wp-embedded-content\" data-secret=\"RFtSIB9mf2\"><a href=\"https:\/\/agora.xtec.cat\/escolapacocandel\/fotos-privat\/fotos-1r-1r-trim\/\">Protegit: Fotos 1r-1r trim<\/a><\/blockquote><iframe loading=\"lazy\" class=\"wp-embedded-content\" sandbox=\"allow-scripts\" security=\"restricted\" style=\"position: absolute; visibility: hidden;\" title=\"&#8220;Protegit: Fotos 1r-1r trim&#8221; &#8212; Escola Paco Candel\" src=\"https:\/\/agora.xtec.cat\/escolapacocandel\/fotos-privat\/fotos-1r-1r-trim\/embed\/#?secret=rdCPwD6wzJ#?secret=RFtSIB9mf2\" data-secret=\"RFtSIB9mf2\" width=\"500\" height=\"282\" frameborder=\"0\" marginwidth=\"0\" marginheight=\"0\" scrolling=\"no\"><\/iframe>\n<\/div><\/figure>\n","protected":false},"excerpt":{"rendered":"<p>Aquest trimestre, l\u2019alumnat de 1r ha fet les seves primeres passes dins del m\u00f3n de l\u2019Educaci\u00f3 F\u00edsica, i ho ha fet amb molta il\u00b7lusi\u00f3 i energia. Les sessions han estat una combinaci\u00f3 perfecta entre diversi\u00f3, descobriment i desenvolupament de noves habilitats motrius.<\/p>\n<p>Al llarg de les&hellip;  <a href=\"https:\/\/agora.xtec.cat\/escolapacocandel\/comunitat-de-mitjans\/1r\/1r-trimestre-educacio-fisica-1r-2\/\" title=\"Read 1r trimestre Educaci\u00f3 f\u00edsica &#8211; 1r\">Llegeix m\u00e9s\u00bb<\/a><\/p>\n","protected":false},"author":25,"featured_media":10344,"comment_status":"open","ping_status":"open","sticky":false,"template":"","format":"standard","meta":{"_bbp_topic_count":0,"_bbp_reply_count":0,"_bbp_total_topic_count":0,"_bbp_total_reply_count":0,"_bbp_voice_count":0,"_bbp_anonymous_reply_count":0,"_bbp_topic_count_hidden":0,"_bbp_reply_count_hidden":0,"_bbp_forum_subforum_count":0,"footnotes":""},"categories":[140],"tags":[],"class_list":["post-10343","post","type-post","status-publish","format-standard","has-post-thumbnail","hentry","category-1r"],"post_mailing_queue_ids":[],"_links":{"self":[{"href":"https:\/\/agora.xtec.cat\/escolapacocandel\/wp-json\/wp\/v2\/posts\/10343","targetHints":{"allow":["GET"]}}],"collection":[{"href":"https:\/\/agora.xtec.cat\/escolapacocandel\/wp-json\/wp\/v2\/posts"}],"about":[{"href":"https:\/\/agora.xtec.cat\/escolapacocandel\/wp-json\/wp\/v2\/types\/post"}],"author":[{"embeddable":true,"href":"https:\/\/agora.xtec.cat\/escolapacocandel\/wp-json\/wp\/v2\/users\/25"}],"replies":[{"embeddable":true,"href":"https:\/\/agora.xtec.cat\/escolapacocandel\/wp-json\/wp\/v2\/comments?post=10343"}],"version-history":[{"count":1,"href":"https:\/\/agora.xtec.cat\/escolapacocandel\/wp-json\/wp\/v2\/posts\/10343\/revisions"}],"predecessor-version":[{"id":10345,"href":"https:\/\/agora.xtec.cat\/escolapacocandel\/wp-json\/wp\/v2\/posts\/10343\/revisions\/10345"}],"wp:featuredmedia":[{"embeddable":true,"href":"https:\/\/agora.xtec.cat\/escolapacocandel\/wp-json\/wp\/v2\/media\/10344"}],"wp:attachment":[{"href":"https:\/\/agora.xtec.cat\/escolapacocandel\/wp-json\/wp\/v2\/media?parent=10343"}],"wp:term":[{"taxonomy":"category","embeddable":true,"href":"https:\/\/agora.xtec.cat\/escolapacocandel\/wp-json\/wp\/v2\/categories?post=10343"},{"taxonomy":"post_tag","embeddable":true,"href":"https:\/\/agora.xtec.cat\/escolapacocandel\/wp-json\/wp\/v2\/tags?post=10343"}],"curies":[{"name":"wp","href":"https:\/\/api.w.org\/{rel}","templated":true}]}}