{"id":10326,"date":"2025-12-01T08:17:33","date_gmt":"2025-12-01T07:17:33","guid":{"rendered":"https:\/\/agora.xtec.cat\/escolapacocandel\/?p=10326"},"modified":"2025-12-01T08:17:33","modified_gmt":"2025-12-01T07:17:33","slug":"sortida-a-la-biblioteca-municipal","status":"publish","type":"post","link":"https:\/\/agora.xtec.cat\/escolapacocandel\/general\/sortida-a-la-biblioteca-municipal\/","title":{"rendered":"Sortida a la Biblioteca Municipal"},"content":{"rendered":"<div class=\"wp-block-image\">\n<figure class=\"aligncenter size-large is-resized\"><a href=\"https:\/\/agora.xtec.cat\/escolapacocandel\/wp-content\/uploads\/usu332\/2025\/11\/WhatsApp-Image-2025-11-30-at-16.48.08-1.jpeg\"><img loading=\"lazy\" decoding=\"async\" width=\"1024\" height=\"1024\" src=\"https:\/\/agora.xtec.cat\/escolapacocandel\/wp-content\/uploads\/usu332\/2025\/11\/WhatsApp-Image-2025-11-30-at-16.48.08-1-1024x1024.jpeg\" alt=\"\" class=\"wp-image-10333\" style=\"width:424px;height:auto\" srcset=\"https:\/\/agora.xtec.cat\/escolapacocandel\/wp-content\/uploads\/usu332\/2025\/11\/WhatsApp-Image-2025-11-30-at-16.48.08-1-1024x1024.jpeg 1024w, https:\/\/agora.xtec.cat\/escolapacocandel\/wp-content\/uploads\/usu332\/2025\/11\/WhatsApp-Image-2025-11-30-at-16.48.08-1-300x300.jpeg 300w, https:\/\/agora.xtec.cat\/escolapacocandel\/wp-content\/uploads\/usu332\/2025\/11\/WhatsApp-Image-2025-11-30-at-16.48.08-1-150x150.jpeg 150w, https:\/\/agora.xtec.cat\/escolapacocandel\/wp-content\/uploads\/usu332\/2025\/11\/WhatsApp-Image-2025-11-30-at-16.48.08-1-768x768.jpeg 768w, https:\/\/agora.xtec.cat\/escolapacocandel\/wp-content\/uploads\/usu332\/2025\/11\/WhatsApp-Image-2025-11-30-at-16.48.08-1-1536x1536.jpeg 1536w, https:\/\/agora.xtec.cat\/escolapacocandel\/wp-content\/uploads\/usu332\/2025\/11\/WhatsApp-Image-2025-11-30-at-16.48.08-1.jpeg 1600w\" sizes=\"auto, (max-width: 1024px) 100vw, 1024px\" \/><\/a><\/figure><\/div>\n\n\n<p class=\"has-text-align-left\">Al mes de novembre, els dos grups d\u2019<strong>I5<\/strong> van visitar la <strong>Biblioteca Municipal de la Pla\u00e7a Europa<\/strong>. Nom\u00e9s arribar, van seure per gaudir de la <strong>lectura compartida d\u2019un \u00e0lbum il\u00b7lustrat<\/strong>.<\/p>\n\n\n\n<p class=\"has-text-align-left\">Despr\u00e9s, la bibliotec\u00e0ria els va explicar <strong>les normes de la biblioteca<\/strong> i com s\u2019organitzen els llibres per trobar r\u00e0pidament els que m\u00e9s els interessen. Durant una bona estona, els infants van poder <strong>explorar \u00e0lbums il\u00b7lustrats, contes, revistes<\/strong> i descobrir totes les possibilitats de lectura que ofereix l\u2019espai infantil.<\/p>\n\n\n\n<p class=\"has-text-align-left\">Per acomiadar-se, van gaudir d&#8217;un <strong>llibre-joc<\/strong> per marxar ben engrescats i amb ganes de tornar.<\/p>\n\n\n\n<figure class=\"wp-block-embed is-type-wp-embed is-provider-escola-paco-candel wp-block-embed-escola-paco-candel\"><div class=\"wp-block-embed__wrapper\">\n<blockquote class=\"wp-embedded-content\" data-secret=\"yTehSF3LZh\"><a href=\"https:\/\/agora.xtec.cat\/escolapacocandel\/fotos-privat\/fotos-sortida-biblioteca-i5\/\">Protegit: Fotos Sortida Biblioteca I5<\/a><\/blockquote><iframe loading=\"lazy\" class=\"wp-embedded-content\" sandbox=\"allow-scripts\" security=\"restricted\" style=\"position: absolute; visibility: hidden;\" title=\"&#8220;Protegit: Fotos Sortida Biblioteca I5&#8221; &#8212; Escola Paco Candel\" src=\"https:\/\/agora.xtec.cat\/escolapacocandel\/fotos-privat\/fotos-sortida-biblioteca-i5\/embed\/#?secret=ys41mZHw7U#?secret=yTehSF3LZh\" data-secret=\"yTehSF3LZh\" width=\"500\" height=\"282\" frameborder=\"0\" marginwidth=\"0\" marginheight=\"0\" scrolling=\"no\"><\/iframe>\n<\/div><\/figure>\n","protected":false},"excerpt":{"rendered":"<p><a href=\"https:\/\/agora.xtec.cat\/escolapacocandel\/wp-content\/uploads\/usu332\/2025\/11\/WhatsApp-Image-2025-11-30-at-16.48.08-1.jpeg\"><\/a><\/p>\n<p>Al mes de novembre, els dos grups d\u2019I5 van visitar la Biblioteca Municipal de la Pla\u00e7a Europa. Nom\u00e9s arribar, van seure per gaudir de la lectura compartida d\u2019un \u00e0lbum il\u00b7lustrat.<\/p>\n<p>Despr\u00e9s, la bibliotec\u00e0ria els va explicar les normes de la biblioteca i com s\u2019organitzen els&hellip;  <a href=\"https:\/\/agora.xtec.cat\/escolapacocandel\/general\/sortida-a-la-biblioteca-municipal\/\" title=\"Read Sortida a la Biblioteca Municipal\">Llegeix m\u00e9s\u00bb<\/a><\/p>\n","protected":false},"author":73,"featured_media":10332,"comment_status":"open","ping_status":"open","sticky":false,"template":"","format":"standard","meta":{"_bbp_topic_count":0,"_bbp_reply_count":0,"_bbp_total_topic_count":0,"_bbp_total_reply_count":0,"_bbp_voice_count":0,"_bbp_anonymous_reply_count":0,"_bbp_topic_count_hidden":0,"_bbp_reply_count_hidden":0,"_bbp_forum_subforum_count":0,"footnotes":""},"categories":[196,128,1],"tags":[],"class_list":["post-10326","post","type-post","status-publish","format-standard","has-post-thumbnail","hentry","category-5-anys","category-comunitat-de-petits","category-general"],"post_mailing_queue_ids":[],"_links":{"self":[{"href":"https:\/\/agora.xtec.cat\/escolapacocandel\/wp-json\/wp\/v2\/posts\/10326","targetHints":{"allow":["GET"]}}],"collection":[{"href":"https:\/\/agora.xtec.cat\/escolapacocandel\/wp-json\/wp\/v2\/posts"}],"about":[{"href":"https:\/\/agora.xtec.cat\/escolapacocandel\/wp-json\/wp\/v2\/types\/post"}],"author":[{"embeddable":true,"href":"https:\/\/agora.xtec.cat\/escolapacocandel\/wp-json\/wp\/v2\/users\/73"}],"replies":[{"embeddable":true,"href":"https:\/\/agora.xtec.cat\/escolapacocandel\/wp-json\/wp\/v2\/comments?post=10326"}],"version-history":[{"count":3,"href":"https:\/\/agora.xtec.cat\/escolapacocandel\/wp-json\/wp\/v2\/posts\/10326\/revisions"}],"predecessor-version":[{"id":10334,"href":"https:\/\/agora.xtec.cat\/escolapacocandel\/wp-json\/wp\/v2\/posts\/10326\/revisions\/10334"}],"wp:featuredmedia":[{"embeddable":true,"href":"https:\/\/agora.xtec.cat\/escolapacocandel\/wp-json\/wp\/v2\/media\/10332"}],"wp:attachment":[{"href":"https:\/\/agora.xtec.cat\/escolapacocandel\/wp-json\/wp\/v2\/media?parent=10326"}],"wp:term":[{"taxonomy":"category","embeddable":true,"href":"https:\/\/agora.xtec.cat\/escolapacocandel\/wp-json\/wp\/v2\/categories?post=10326"},{"taxonomy":"post_tag","embeddable":true,"href":"https:\/\/agora.xtec.cat\/escolapacocandel\/wp-json\/wp\/v2\/tags?post=10326"}],"curies":[{"name":"wp","href":"https:\/\/api.w.org\/{rel}","templated":true}]}}