{"id":10318,"date":"2025-11-19T13:11:19","date_gmt":"2025-11-19T12:11:19","guid":{"rendered":"https:\/\/agora.xtec.cat\/escolapacocandel\/?p=10318"},"modified":"2025-11-19T13:11:19","modified_gmt":"2025-11-19T12:11:19","slug":"sortida-projecte-4ta","status":"publish","type":"post","link":"https:\/\/agora.xtec.cat\/escolapacocandel\/comunitat-de-grans\/sortida-projecte-4ta\/","title":{"rendered":"Sortida projecte 4tA"},"content":{"rendered":"\n<p>La classe de la&nbsp;<strong>Flama Ol\u00edmpica<\/strong>&nbsp;va viure una jornada ben especial durant l\u2019excursi\u00f3 del projecte al&nbsp;<strong>Museu Ol\u00edmpic i de l\u2019Esport de Montju\u00efc<\/strong>. Des del primer moment, l\u2019alumnat es va mostrar entusiasmat per descobrir la hist\u00f2ria dels Jocs Ol\u00edmpics i, sobretot, per con\u00e8ixer m\u00e9s a fons el m\u00f3n dels Jocs Paral\u00edmpics.<\/p>\n\n\n\n<p>Durant la visita, van explorar diferents espais del museu on van aprendre com es van iniciar els Jocs Paral\u00edmpics, quines adaptacions s\u2019utilitzen en cada esport i quines hist\u00f2ries d&#8217;esfor\u00e7 i superaci\u00f3 hi ha darrere dels atletes paral\u00edmpics. Les explicacions i els materials interactius del museu van ajudar els nois i noies a entendre la import\u00e0ncia de l\u2019esport inclusiu i dels valors de respecte, esfor\u00e7 i igualtat.<\/p>\n\n\n\n<p>Un dels moments m\u00e9s esperats del dia va ser la pr\u00e0ctica del&nbsp;<strong>goalball<\/strong>, un esport paral\u00edmpic pensat per a persones amb discapacitat visual. Amb els ulls tapats i guiats pel so de la pilota, l\u2019alumnat va posar a prova la seva concentraci\u00f3, l\u2019o\u00efda i el treball en equip. L\u2019experi\u00e8ncia els va sorprendre i divertir, i molts van comentar que diferent \u00e9s viure un esport sense utilitzar la vista.<\/p>\n\n\n\n<p>Va ser una sortida plena d\u2019aprenentatges, viv\u00e8ncies i emocions que ajudar\u00e0 la classe de la Flama Ol\u00edmpica a continuar treballant el projecte des d\u2019una mirada m\u00e9s oberta, emp\u00e0tica i inclusiva.<\/p>\n\n\n\n<figure class=\"wp-block-embed is-type-wp-embed is-provider-escola-paco-candel wp-block-embed-escola-paco-candel\"><div class=\"wp-block-embed__wrapper\">\n<blockquote class=\"wp-embedded-content\" data-secret=\"CYLdy3IRJb\"><a href=\"https:\/\/agora.xtec.cat\/escolapacocandel\/fotos-privat\/fotos-projecte-4ta\/\">Protegit: FOTOS PROJECTE 4tA<\/a><\/blockquote><iframe loading=\"lazy\" class=\"wp-embedded-content\" sandbox=\"allow-scripts\" security=\"restricted\" style=\"position: absolute; visibility: hidden;\" title=\"&#8220;Protegit: FOTOS PROJECTE 4tA&#8221; &#8212; Escola Paco Candel\" src=\"https:\/\/agora.xtec.cat\/escolapacocandel\/fotos-privat\/fotos-projecte-4ta\/embed\/#?secret=Illle2AFBl#?secret=CYLdy3IRJb\" data-secret=\"CYLdy3IRJb\" width=\"500\" height=\"282\" frameborder=\"0\" marginwidth=\"0\" marginheight=\"0\" scrolling=\"no\"><\/iframe>\n<\/div><\/figure>\n","protected":false},"excerpt":{"rendered":"<p>La classe de la&nbsp;Flama Ol\u00edmpica&nbsp;va viure una jornada ben especial durant l\u2019excursi\u00f3 del projecte al&nbsp;Museu Ol\u00edmpic i de l\u2019Esport de Montju\u00efc. Des del primer moment, l\u2019alumnat es va mostrar entusiasmat per descobrir la hist\u00f2ria dels Jocs Ol\u00edmpics i, sobretot, per con\u00e8ixer m\u00e9s a fons el&hellip;  <a href=\"https:\/\/agora.xtec.cat\/escolapacocandel\/comunitat-de-grans\/sortida-projecte-4ta\/\" title=\"Read Sortida projecte 4tA\">Llegeix m\u00e9s\u00bb<\/a><\/p>\n","protected":false},"author":21,"featured_media":10319,"comment_status":"open","ping_status":"open","sticky":false,"template":"","format":"standard","meta":{"_bbp_topic_count":0,"_bbp_reply_count":0,"_bbp_total_topic_count":0,"_bbp_total_reply_count":0,"_bbp_voice_count":0,"_bbp_anonymous_reply_count":0,"_bbp_topic_count_hidden":0,"_bbp_reply_count_hidden":0,"_bbp_forum_subforum_count":0,"footnotes":""},"categories":[129,143],"tags":[],"class_list":["post-10318","post","type-post","status-publish","format-standard","has-post-thumbnail","hentry","category-comunitat-de-grans","category-4t"],"post_mailing_queue_ids":[],"_links":{"self":[{"href":"https:\/\/agora.xtec.cat\/escolapacocandel\/wp-json\/wp\/v2\/posts\/10318","targetHints":{"allow":["GET"]}}],"collection":[{"href":"https:\/\/agora.xtec.cat\/escolapacocandel\/wp-json\/wp\/v2\/posts"}],"about":[{"href":"https:\/\/agora.xtec.cat\/escolapacocandel\/wp-json\/wp\/v2\/types\/post"}],"author":[{"embeddable":true,"href":"https:\/\/agora.xtec.cat\/escolapacocandel\/wp-json\/wp\/v2\/users\/21"}],"replies":[{"embeddable":true,"href":"https:\/\/agora.xtec.cat\/escolapacocandel\/wp-json\/wp\/v2\/comments?post=10318"}],"version-history":[{"count":1,"href":"https:\/\/agora.xtec.cat\/escolapacocandel\/wp-json\/wp\/v2\/posts\/10318\/revisions"}],"predecessor-version":[{"id":10320,"href":"https:\/\/agora.xtec.cat\/escolapacocandel\/wp-json\/wp\/v2\/posts\/10318\/revisions\/10320"}],"wp:featuredmedia":[{"embeddable":true,"href":"https:\/\/agora.xtec.cat\/escolapacocandel\/wp-json\/wp\/v2\/media\/10319"}],"wp:attachment":[{"href":"https:\/\/agora.xtec.cat\/escolapacocandel\/wp-json\/wp\/v2\/media?parent=10318"}],"wp:term":[{"taxonomy":"category","embeddable":true,"href":"https:\/\/agora.xtec.cat\/escolapacocandel\/wp-json\/wp\/v2\/categories?post=10318"},{"taxonomy":"post_tag","embeddable":true,"href":"https:\/\/agora.xtec.cat\/escolapacocandel\/wp-json\/wp\/v2\/tags?post=10318"}],"curies":[{"name":"wp","href":"https:\/\/api.w.org\/{rel}","templated":true}]}}