{"id":10310,"date":"2025-11-24T15:10:51","date_gmt":"2025-11-24T14:10:51","guid":{"rendered":"https:\/\/agora.xtec.cat\/escolapacocandel\/?p=10310"},"modified":"2025-11-24T15:15:00","modified_gmt":"2025-11-24T14:15:00","slug":"sortida-al-poble-espanyol-i-taller-vitrofusio","status":"publish","type":"post","link":"https:\/\/agora.xtec.cat\/escolapacocandel\/comunitat-de-grans\/sortida-al-poble-espanyol-i-taller-vitrofusio\/","title":{"rendered":"Sortida al Poble Espanyol i taller vitrofusi\u00f3"},"content":{"rendered":"\n<p>La classe de <strong>5\u00e8 A<\/strong> i <strong>6\u00e8 B<\/strong> ha viscut una jornada ben especial dedicada a l\u2019art, la creativitat i el descobriment cultural. Formant part del seu projecte d&#8217;art, els infants van gaudir d\u2019una <strong>sortida de tot el dia al Poble Espanyol<\/strong>, un espai ple d\u2019hist\u00f2ria, arquitectura i inspiraci\u00f3.<\/p>\n\n\n\n<p>Organitzats per equips de projecte i guiats per un <strong>dossier de treball<\/strong>, els infants van rec\u00f3rrer els carrers i places del recinte per identificar alguns dels elements arquitect\u00f2nics m\u00e9s representatius. A trav\u00e9s de l\u2019observaci\u00f3 i la conversa, van poder descobrir com les diferents construccions expliquen formes de viure, oficis i tradicions d\u2019arreu de l\u2019Estat.<\/p>\n\n\n\n<p>A continuaci\u00f3, van visitar el <strong>Museu Fran Daurel<\/strong>, un espai \u00fanic on van poder contemplar obres de grans artistes com <strong>Picasso<\/strong>, <strong>Mir\u00f3<\/strong>, <strong>T\u00e0pies<\/strong> o <strong>Jaume Plensa<\/strong>. Aquesta experi\u00e8ncia va permetre aprofundir en diferents llenguatges art\u00edstics i despertar noves mirades creatives.<\/p>\n\n\n\n<p>La sortida va culminar amb un <strong>taller de vitrofusi\u00f3<\/strong>, on els infants van treballar el vidre com a material expressiu. Cada infant va crear una pe\u00e7a art\u00edstica pr\u00f2pia combinant formes, textures i colors. Les produccions estan ara en proc\u00e9s de cocci\u00f3 i arribaran a l\u2019escola d&#8217;aqu\u00ed a unes setmanes&#8230; Tenim moltes ganes de veure el resultat final!<\/p>\n\n\n\n<p>Despr\u00e9s d\u2019una jornada intensa i enriquidora, els infants van poder compartir estones de conviv\u00e8ncia a la <strong>zona de p\u00edcnic<\/strong> i divertir-se en els <strong>tobogans<\/strong> del recinte.<\/p>\n\n\n\n<p>Ha estat una experi\u00e8ncia completa, que combina art, cultura i conviv\u00e8ncia, i que segurament quedar\u00e0 en el record de tots i totes!<\/p>\n\n\n\n<p>Aqu\u00ed us deixem les fotografies de la sortida:<\/p>\n\n\n\n<figure class=\"wp-block-embed is-type-wp-embed is-provider-escola-paco-candel wp-block-embed-escola-paco-candel\"><div class=\"wp-block-embed__wrapper\">\n<blockquote class=\"wp-embedded-content\" data-secret=\"E0fog24vos\"><a href=\"https:\/\/agora.xtec.cat\/escolapacocandel\/fotos-privat\/fotos-sortida-al-poble-espanyol-i-taller-vitrofusio\/\">Protegit: Fotos sortida al Poble Espanyol i taller vitrofusi\u00f3<\/a><\/blockquote><iframe loading=\"lazy\" class=\"wp-embedded-content\" sandbox=\"allow-scripts\" security=\"restricted\" style=\"position: absolute; visibility: hidden;\" title=\"&#8220;Protegit: Fotos sortida al Poble Espanyol i taller vitrofusi\u00f3&#8221; &#8212; Escola Paco Candel\" src=\"https:\/\/agora.xtec.cat\/escolapacocandel\/fotos-privat\/fotos-sortida-al-poble-espanyol-i-taller-vitrofusio\/embed\/#?secret=7v1i1BXsHt#?secret=E0fog24vos\" data-secret=\"E0fog24vos\" width=\"500\" height=\"282\" frameborder=\"0\" marginwidth=\"0\" marginheight=\"0\" scrolling=\"no\"><\/iframe>\n<\/div><\/figure>\n\n\n\n<p><\/p>\n","protected":false},"excerpt":{"rendered":"<p>La classe de 5\u00e8 A i 6\u00e8 B ha viscut una jornada ben especial dedicada a l\u2019art, la creativitat i el descobriment cultural. Formant part del seu projecte d&#8217;art, els infants van gaudir d\u2019una sortida de tot el dia al Poble Espanyol, un espai ple&hellip;  <a href=\"https:\/\/agora.xtec.cat\/escolapacocandel\/comunitat-de-grans\/sortida-al-poble-espanyol-i-taller-vitrofusio\/\" title=\"Read Sortida al Poble Espanyol i taller vitrofusi\u00f3\">Llegeix m\u00e9s\u00bb<\/a><\/p>\n","protected":false},"author":20,"featured_media":0,"comment_status":"open","ping_status":"open","sticky":false,"template":"","format":"standard","meta":{"_bbp_topic_count":0,"_bbp_reply_count":0,"_bbp_total_topic_count":0,"_bbp_total_reply_count":0,"_bbp_voice_count":0,"_bbp_anonymous_reply_count":0,"_bbp_topic_count_hidden":0,"_bbp_reply_count_hidden":0,"_bbp_forum_subforum_count":0,"footnotes":""},"categories":[144,129,146],"tags":[202,219],"class_list":["post-10310","post","type-post","status-publish","format-standard","hentry","category-5e","category-comunitat-de-grans","category-6e","tag-comunitatdegrans","tag-treballperprojectes"],"post_mailing_queue_ids":[],"_links":{"self":[{"href":"https:\/\/agora.xtec.cat\/escolapacocandel\/wp-json\/wp\/v2\/posts\/10310","targetHints":{"allow":["GET"]}}],"collection":[{"href":"https:\/\/agora.xtec.cat\/escolapacocandel\/wp-json\/wp\/v2\/posts"}],"about":[{"href":"https:\/\/agora.xtec.cat\/escolapacocandel\/wp-json\/wp\/v2\/types\/post"}],"author":[{"embeddable":true,"href":"https:\/\/agora.xtec.cat\/escolapacocandel\/wp-json\/wp\/v2\/users\/20"}],"replies":[{"embeddable":true,"href":"https:\/\/agora.xtec.cat\/escolapacocandel\/wp-json\/wp\/v2\/comments?post=10310"}],"version-history":[{"count":2,"href":"https:\/\/agora.xtec.cat\/escolapacocandel\/wp-json\/wp\/v2\/posts\/10310\/revisions"}],"predecessor-version":[{"id":10322,"href":"https:\/\/agora.xtec.cat\/escolapacocandel\/wp-json\/wp\/v2\/posts\/10310\/revisions\/10322"}],"wp:attachment":[{"href":"https:\/\/agora.xtec.cat\/escolapacocandel\/wp-json\/wp\/v2\/media?parent=10310"}],"wp:term":[{"taxonomy":"category","embeddable":true,"href":"https:\/\/agora.xtec.cat\/escolapacocandel\/wp-json\/wp\/v2\/categories?post=10310"},{"taxonomy":"post_tag","embeddable":true,"href":"https:\/\/agora.xtec.cat\/escolapacocandel\/wp-json\/wp\/v2\/tags?post=10310"}],"curies":[{"name":"wp","href":"https:\/\/api.w.org\/{rel}","templated":true}]}}