{"id":10300,"date":"2025-11-10T13:31:57","date_gmt":"2025-11-10T12:31:57","guid":{"rendered":"https:\/\/agora.xtec.cat\/escolapacocandel\/?p=10300"},"modified":"2025-11-27T13:32:40","modified_gmt":"2025-11-27T12:32:40","slug":"sortida-de-germanor-a-la-comunitat-de-petits-i-petites","status":"publish","type":"post","link":"https:\/\/agora.xtec.cat\/escolapacocandel\/comunitat-de-petits\/sortida-de-germanor-a-la-comunitat-de-petits-i-petites\/","title":{"rendered":"Sortida de Germanor a la Comunitat de Petits i Petites"},"content":{"rendered":"\n<p>El passat dimecres dia 5 de novembre, la comunitat de petites i petits va fer la sortida de germanor a Can Puigoriol Xic, a Les Franqueses del Vall\u00e8s. All\u00e0 van realitzar un taller on van poder veure que passa al bosc a la tardor, com la natura canvia quan arriba aquesta \u00e8poca de l&#8217;any i que fruits en regalen els arbres per aquestes dates. Aquestes viv\u00e8ncies al medi natural les van poder relacionar amb all\u00f2 treballat a l&#8217;escola sobre la tardor, gaudint de primera m\u00e0 de la natura i tot all\u00f2 que ens aportar el fet de viure el bosc.<\/p>\n\n\n\n<figure class=\"wp-block-embed is-type-wp-embed is-provider-escola-paco-candel wp-block-embed-escola-paco-candel\"><div class=\"wp-block-embed__wrapper\">\n<blockquote class=\"wp-embedded-content\" data-secret=\"K6haeiHEw6\"><a href=\"https:\/\/agora.xtec.cat\/escolapacocandel\/fotos-privat\/fotos-sortida-germanor-petites\/\">FOTOS SORTIDA GERMANOR PETITES<\/a><\/blockquote><iframe loading=\"lazy\" class=\"wp-embedded-content\" sandbox=\"allow-scripts\" security=\"restricted\" style=\"position: absolute; visibility: hidden;\" title=\"&#8220;FOTOS SORTIDA GERMANOR PETITES&#8221; &#8212; Escola Paco Candel\" src=\"https:\/\/agora.xtec.cat\/escolapacocandel\/fotos-privat\/fotos-sortida-germanor-petites\/embed\/#?secret=MlJo4RkJKW#?secret=K6haeiHEw6\" data-secret=\"K6haeiHEw6\" width=\"500\" height=\"282\" frameborder=\"0\" marginwidth=\"0\" marginheight=\"0\" scrolling=\"no\"><\/iframe>\n<\/div><\/figure>\n\n\n\n<p><\/p>\n","protected":false},"excerpt":{"rendered":"<p>El passat dimecres dia 5 de novembre, la comunitat de petites i petits va fer la sortida de germanor a Can Puigoriol Xic, a Les Franqueses del Vall\u00e8s. All\u00e0 van realitzar un taller on van poder veure que passa al bosc a la tardor, com&hellip;  <a href=\"https:\/\/agora.xtec.cat\/escolapacocandel\/comunitat-de-petits\/sortida-de-germanor-a-la-comunitat-de-petits-i-petites\/\" title=\"Read Sortida de Germanor a la Comunitat de Petits i Petites\">Llegeix m\u00e9s\u00bb<\/a><\/p>\n","protected":false},"author":60,"featured_media":10305,"comment_status":"open","ping_status":"open","sticky":false,"template":"","format":"standard","meta":{"_bbp_topic_count":0,"_bbp_reply_count":0,"_bbp_total_topic_count":0,"_bbp_total_reply_count":0,"_bbp_voice_count":0,"_bbp_anonymous_reply_count":0,"_bbp_topic_count_hidden":0,"_bbp_reply_count_hidden":0,"_bbp_forum_subforum_count":0,"footnotes":""},"categories":[182,183,196,128],"tags":[210,92,218],"class_list":["post-10300","post","type-post","status-publish","format-standard","has-post-thumbnail","hentry","category-3-anys","category-4-anys","category-5-anys","category-comunitat-de-petits","tag-comunitatdepetites","tag-sortides","tag-tardor"],"post_mailing_queue_ids":[],"_links":{"self":[{"href":"https:\/\/agora.xtec.cat\/escolapacocandel\/wp-json\/wp\/v2\/posts\/10300","targetHints":{"allow":["GET"]}}],"collection":[{"href":"https:\/\/agora.xtec.cat\/escolapacocandel\/wp-json\/wp\/v2\/posts"}],"about":[{"href":"https:\/\/agora.xtec.cat\/escolapacocandel\/wp-json\/wp\/v2\/types\/post"}],"author":[{"embeddable":true,"href":"https:\/\/agora.xtec.cat\/escolapacocandel\/wp-json\/wp\/v2\/users\/60"}],"replies":[{"embeddable":true,"href":"https:\/\/agora.xtec.cat\/escolapacocandel\/wp-json\/wp\/v2\/comments?post=10300"}],"version-history":[{"count":5,"href":"https:\/\/agora.xtec.cat\/escolapacocandel\/wp-json\/wp\/v2\/posts\/10300\/revisions"}],"predecessor-version":[{"id":10309,"href":"https:\/\/agora.xtec.cat\/escolapacocandel\/wp-json\/wp\/v2\/posts\/10300\/revisions\/10309"}],"wp:featuredmedia":[{"embeddable":true,"href":"https:\/\/agora.xtec.cat\/escolapacocandel\/wp-json\/wp\/v2\/media\/10305"}],"wp:attachment":[{"href":"https:\/\/agora.xtec.cat\/escolapacocandel\/wp-json\/wp\/v2\/media?parent=10300"}],"wp:term":[{"taxonomy":"category","embeddable":true,"href":"https:\/\/agora.xtec.cat\/escolapacocandel\/wp-json\/wp\/v2\/categories?post=10300"},{"taxonomy":"post_tag","embeddable":true,"href":"https:\/\/agora.xtec.cat\/escolapacocandel\/wp-json\/wp\/v2\/tags?post=10300"}],"curies":[{"name":"wp","href":"https:\/\/api.w.org\/{rel}","templated":true}]}}