{"id":1027,"date":"2020-07-06T17:32:35","date_gmt":"2020-07-06T15:32:35","guid":{"rendered":"http:\/\/agora.xtec.cat\/escolapacocandel\/?p=1027"},"modified":"2020-07-06T17:33:02","modified_gmt":"2020-07-06T15:33:02","slug":"assignacions-dia-7-de-juliol","status":"publish","type":"post","link":"https:\/\/agora.xtec.cat\/escolapacocandel\/general\/assignacions-dia-7-de-juliol\/","title":{"rendered":"ASSIGNACIONS DIA 7 DE JULIOL"},"content":{"rendered":"<p>Benvolgudes fam\u00edlies<\/p>\n<p>Dem\u00e0, dia 7 de juliol, es publicar\u00e0 la <strong>llista definitiva<\/strong> d&#8217;assignacions per la matr\u00edcula del curs 2020\/2021.<\/p>\n<p>Des de la Comissi\u00f3 de Garant\u00edes i Admissions ens han fet arribar la seg\u00fcent documentaci\u00f3:<\/p>\n<ol>\n<li>Aclariments sobre les actuacions que podeu fer en relaci\u00f3 al proc\u00e9s d&#8217;assignaci\u00f3 dels vostres fills i filles\u00a0 <a href=\"https:\/\/agora.xtec.cat\/escolapacocandel\/wp-content\/uploads\/usu332\/2020\/07\/CGA_Informacio_families_20_21-1.pdf\">CGA_Informacio_families_20_21 <\/a><\/li>\n<li>Model per sol.licitar UN CANVI D&#8217;ASSIGNACI\u00d3, en funci\u00f3 de les vacants disponiibles <a href=\"https:\/\/agora.xtec.cat\/escolapacocandel\/wp-content\/uploads\/usu332\/2020\/07\/petici\u00f3-canvi.pdf\">petici\u00f3 canvi<\/a><\/li>\n<li>Model de RECLAMACI\u00d3 a la Directora General de Serveis Territorials.<a href=\"https:\/\/agora.xtec.cat\/escolapacocandel\/wp-content\/uploads\/usu332\/2020\/07\/Reclamacio-a-la-CGA_20_21.pdf\">Reclamacio a la CGA_20_21<\/a><\/li>\n<\/ol>\n<p>Us enllacem els esmentats documents.<\/p>\n<p>Per altra banda, les fam\u00edlies assignades definitivament a l&#8217;escola, hauran de presentar de manera telem\u00e0tica la seg\u00fcent documentaci\u00f3 complement\u00e0ria per realitzar la matr\u00edcula els propers dies del 13 al 17 de juliol.<\/p>\n<ol>\n<li>DNI de TOTS els membres de la unitat familiar que en disposin.<\/li>\n<li>Carnet de vacunes actualitzat<\/li>\n<li>Fotocopia Llibre de fam\u00edlia<\/li>\n<\/ol>\n<p>Finalment, dir-vos que si esteu interessats en tramitar la sol.licitud de beca de menjador pel proper curs, haureu d&#8217;emplenar la sol.licitud que s&#8217;adjunta a continuaci\u00f3. Juntament amb aquest document ens heu de fer arribar la seg\u00fcent documentaci\u00f3:<\/p>\n<ol>\n<li>Formulari degudament emplenat (vigileu amb les signatures)\u00a0 <a href=\"https:\/\/agora.xtec.cat\/escolapacocandel\/wp-content\/uploads\/usu332\/2020\/07\/solicitud-beca-de-comedor.pdf\">solicitud beca de comedor<\/a><\/li>\n<li>DNI\/NIE de tots els membres de la unitat familiar<\/li>\n<li>Volant de conviv\u00e8ncia actualitzat<\/li>\n<li>Carnet de fam\u00edlia nombrosa\/monoparental<\/li>\n<li>Conveni\/sentencia de divorci, si \u00e9s el cas.<\/li>\n<li>Documentaci\u00f3 Econ\u00f2mica:<\/li>\n<\/ol>\n<ul>\n<li>Si realitzeu la declaraci\u00f3 de renda: RES<\/li>\n<li>Si es percep algun tipus de prestaci\u00f3 econ\u00f2mica, ajut de lloguer, renda m\u00ednima, etc. documentaci\u00f3 que ho acrediti<\/li>\n<\/ul>\n<p>Moltes gr\u00e0cies per la vostra atenci\u00f3.<\/p>\n<p>Per a qualsevol dubte us podeu posar en contacte telef\u00f2nic al n\u00famero <strong>644694086 o b\u00e9 al correu a8069736@xtec.cat<\/strong><\/p>\n","protected":false},"excerpt":{"rendered":"<p>Benvolgudes fam\u00edlies<br \/>\nDem\u00e0, dia 7 de juliol, es publicar\u00e0 la llista definitiva d&#8217;assignacions per la matr\u00edcula del curs 2020\/2021.<br \/>\nDes de la Comissi\u00f3 de Garant\u00edes i Admissions ens han fet arribar la seg\u00fcent documentaci\u00f3:<\/p>\n<ol>\n<li>Aclariments sobre les actuacions que podeu fer en relaci\u00f3 al proc\u00e9s d&#8217;assignaci\u00f3 dels vostres&hellip;  <a href=\"https:\/\/agora.xtec.cat\/escolapacocandel\/general\/assignacions-dia-7-de-juliol\/\" title=\"Read ASSIGNACIONS DIA 7 DE JULIOL\">Llegeix m\u00e9s\u00bb<\/a><br \/>\n","protected":false},"author":1,"featured_media":0,"comment_status":"open","ping_status":"closed","sticky":false,"template":"","format":"standard","meta":{"_bbp_topic_count":0,"_bbp_reply_count":0,"_bbp_total_topic_count":0,"_bbp_total_reply_count":0,"_bbp_voice_count":0,"_bbp_anonymous_reply_count":0,"_bbp_topic_count_hidden":0,"_bbp_reply_count_hidden":0,"_bbp_forum_subforum_count":0,"footnotes":""},"categories":[1,4],"tags":[],"class_list":["post-1027","post","type-post","status-publish","format-standard","hentry","category-general","category-portada"],"post_mailing_queue_ids":[],"_links":{"self":[{"href":"https:\/\/agora.xtec.cat\/escolapacocandel\/wp-json\/wp\/v2\/posts\/1027","targetHints":{"allow":["GET"]}}],"collection":[{"href":"https:\/\/agora.xtec.cat\/escolapacocandel\/wp-json\/wp\/v2\/posts"}],"about":[{"href":"https:\/\/agora.xtec.cat\/escolapacocandel\/wp-json\/wp\/v2\/types\/post"}],"author":[{"embeddable":true,"href":"https:\/\/agora.xtec.cat\/escolapacocandel\/wp-json\/wp\/v2\/users\/1"}],"replies":[{"embeddable":true,"href":"https:\/\/agora.xtec.cat\/escolapacocandel\/wp-json\/wp\/v2\/comments?post=1027"}],"version-history":[{"count":1,"href":"https:\/\/agora.xtec.cat\/escolapacocandel\/wp-json\/wp\/v2\/posts\/1027\/revisions"}],"predecessor-version":[{"id":1032,"href":"https:\/\/agora.xtec.cat\/escolapacocandel\/wp-json\/wp\/v2\/posts\/1027\/revisions\/1032"}],"wp:attachment":[{"href":"https:\/\/agora.xtec.cat\/escolapacocandel\/wp-json\/wp\/v2\/media?parent=1027"}],"wp:term":[{"taxonomy":"category","embeddable":true,"href":"https:\/\/agora.xtec.cat\/escolapacocandel\/wp-json\/wp\/v2\/categories?post=1027"},{"taxonomy":"post_tag","embeddable":true,"href":"https:\/\/agora.xtec.cat\/escolapacocandel\/wp-json\/wp\/v2\/tags?post=1027"}],"curies":[{"name":"wp","href":"https:\/\/api.w.org\/{rel}","templated":true}]}}